{"id":18092,"date":"2015-02-17T22:54:25","date_gmt":"2015-02-17T20:54:25","guid":{"rendered":"http:\/\/www.sana.sy\/es\/?p=18092"},"modified":"2015-02-17T22:54:25","modified_gmt":"2015-02-17T20:54:25","slug":"el-ministro-del-interior-confirma-la-importancia-del-papel-de-los-comerciantes-en-la-construccion-de-la-economia-nacional","status":"publish","type":"post","link":"https:\/\/archive.sana.sy\/es\/?p=18092","title":{"rendered":"El ministro del Interior confirma la importancia del papel de los comerciantes en la construcci\u00f3n de la econom\u00eda nacional"},"content":{"rendered":"<p><span style=\"color: #0000ff\">Damasco-SANA<\/span><\/p>\n<p>El ministro del Interior, El General Mayor Mohammad al-Shaar en su encuentro con la C\u00e1mara de Comercio de Damasco, indic\u00f3 la importancia del rol de los comerciantes en el proceso para construir una econom\u00eda nacional que incrementar\u00eda la inmunidad del estado y sus asociaciones y que tenga repercusiones positivos en la vida cotidianadel ciudadano.<\/p>\n<p>El ministro por su parte expres\u00f3 la preocupaci\u00f3n del estado y del Ministerio del Interior por reforzar la seguridad del pueblo sirio, as\u00ed como para lograr el \u00e1mbito adecuado de la movilizaci\u00f3n econ\u00f3mica y social con el cual se asegura la llegada de los productos y la presentaci\u00f3n de varios tipos de servicios para el avance de la econom\u00eda nacional.<\/p>\n<p>El ministro se\u00f1al\u00f3 que los acontecimientos que han pasado en Siria han demostrado el tama\u00f1o de la conspiraci\u00f3n expuesta con el fin de extenuar la econom\u00eda del pa\u00eds, los recursos, y la destrucci\u00f3n de sus componentes y todo esto se convertir\u00e1 en gran beneficio para la entidad sionista.<\/p>\n<p>Por su parte los miembros de la C\u00e1mara de Comercio de Damasco manifestaron su aprecio y agradecimiento por los esfuerzos llevados a cabo por el Ministerio del Interior para protegerla seguridad y crear los \u00e1mbitos adecuados para la realizaci\u00f3n de las actividades econ\u00f3micas.<\/p>\n<p><span style=\"color: #800000\">M.Miri, Riad.Sh<\/span><\/p>\n","protected":false},"excerpt":{"rendered":"<p>Damasco-SANA El ministro del Interior, El General Mayor Mohammad al-Shaar en su encuentro con la C\u00e1mara de Comercio de Damasco, indic\u00f3 la importancia del rol de los comerciantes en el proceso para construir una econom\u00eda nacional que incrementar\u00eda la inmunidad del estado y sus asociaciones y que tenga repercusiones positivos en la vida cotidianadel ciudadano. &hellip;<\/p>\n","protected":false},"author":1,"featured_media":18093,"comment_status":"closed","ping_status":"closed","sticky":false,"template":"","format":"standard","meta":{"footnotes":""},"categories":[477,597,476,457,576],"tags":[4107],"class_list":["post-18092","post","type-post","status-publish","format-standard","has-post-thumbnail","","category-noticias-edulcorantes","category-cinta-de-noticias","category-locales","category-noticias-arabe-internacional-politica","category-noticias-politicas","tag-el-ministro-del-interior-confirma-la-importancia-del-papel-de-los-comerciantes-en-la-construccion-de-la-economia-nacional"],"_links":{"self":[{"href":"https:\/\/archive.sana.sy\/es\/index.php?rest_route=\/wp\/v2\/posts\/18092"}],"collection":[{"href":"https:\/\/archive.sana.sy\/es\/index.php?rest_route=\/wp\/v2\/posts"}],"about":[{"href":"https:\/\/archive.sana.sy\/es\/index.php?rest_route=\/wp\/v2\/types\/post"}],"author":[{"embeddable":true,"href":"https:\/\/archive.sana.sy\/es\/index.php?rest_route=\/wp\/v2\/users\/1"}],"replies":[{"embeddable":true,"href":"https:\/\/archive.sana.sy\/es\/index.php?rest_route=%2Fwp%2Fv2%2Fcomments&post=18092"}],"version-history":[{"count":0,"href":"https:\/\/archive.sana.sy\/es\/index.php?rest_route=\/wp\/v2\/posts\/18092\/revisions"}],"wp:featuredmedia":[{"embeddable":true,"href":"https:\/\/archive.sana.sy\/es\/index.php?rest_route=\/wp\/v2\/media\/18093"}],"wp:attachment":[{"href":"https:\/\/archive.sana.sy\/es\/index.php?rest_route=%2Fwp%2Fv2%2Fmedia&parent=18092"}],"wp:term":[{"taxonomy":"category","embeddable":true,"href":"https:\/\/archive.sana.sy\/es\/index.php?rest_route=%2Fwp%2Fv2%2Fcategories&post=18092"},{"taxonomy":"post_tag","embeddable":true,"href":"https:\/\/archive.sana.sy\/es\/index.php?rest_route=%2Fwp%2Fv2%2Ftags&post=18092"}],"curies":[{"name":"wp","href":"https:\/\/api.w.org\/{rel}","templated":true}]}}