{"id":180959,"date":"2021-05-23T07:08:17","date_gmt":"2021-05-23T04:08:17","guid":{"rendered":"http:\/\/107.6.182.27\/es\/?p=180959"},"modified":"2023-01-10T15:28:44","modified_gmt":"2023-01-10T13:28:44","slug":"conversaciones-sirio-iranies-para-impulsar-relaciones-comerciales-e-industriales","status":"publish","type":"post","link":"https:\/\/archive.sana.sy\/es\/?p=180959","title":{"rendered":"Conversaciones sirio-iran\u00edes para impulsar relaciones comerciales e industriales"},"content":{"rendered":"<p style=\"text-align: justify;\"><strong><span style=\"color: #800000;\">Teher\u00e1n, SANA<\/span><\/strong><\/p>\n<p style=\"text-align: justify;\">El Secretario del Comit\u00e9 para Desarrollo de Relaciones Comerciales Sirio-iran\u00edes, Hassan Danae Far, repas\u00f3 con una delegaci\u00f3n econ\u00f3mica siria que visita a Teher\u00e1n, las perspectivas de desarrollar las relaciones comerciales e industriales entre los dos pa\u00edses.<\/p>\n<p style=\"text-align: justify;\">Danae Far destac\u00f3 el inter\u00e9s de su pa\u00eds en garantizar la infraestructura necesaria para fortalecer y desarrollar esas relaciones en diversos campos y enfatiz\u00f3 la necesidad de establecer un cronograma para la implementaci\u00f3n de lo acordado aprovechando las capacidades disponibles en ambos lados.<\/p>\n<p style=\"text-align: justify;\"><img loading=\"lazy\" decoding=\"async\" class=\"size-medium wp-image-180961 alignleft\" src=\"http:\/\/107.6.182.27\/es\/wp-content\/uploads\/2021\/05\/01-161-300x180.jpg\" alt=\"\" width=\"300\" height=\"180\" srcset=\"https:\/\/archive.sana.sy\/es\/wp-content\/uploads\/2021\/05\/01-161-300x180.jpg 300w, https:\/\/archive.sana.sy\/es\/wp-content\/uploads\/2021\/05\/01-161-1024x614.jpg 1024w, https:\/\/archive.sana.sy\/es\/wp-content\/uploads\/2021\/05\/01-161-150x90.jpg 150w, https:\/\/archive.sana.sy\/es\/wp-content\/uploads\/2021\/05\/01-161-768x461.jpg 768w, https:\/\/archive.sana.sy\/es\/wp-content\/uploads\/2021\/05\/01-161.jpg 1500w\" sizes=\"(max-width: 300px) 100vw, 300px\" \/>&#8220;Hay cuestiones importantes como el trueque de bienes que dispone cada parte, crear una empresa comercial conjunta entre las dos partes y abrir una tienda de Ir\u00e1n en Siria y una tienda siria en Ir\u00e1n\u201d, explic\u00f3.<\/p>\n<p style=\"text-align: justify;\">A\u00f1adi\u00f3 que adem\u00e1s de organizar ferias comerciales en Siria e Ir\u00e1n para exhibir los productos de los dos pa\u00edses, hay varios contratos firmados entre las dos partes.<\/p>\n<p style=\"text-align: justify;\">El funcionario reiter\u00f3 el apoyo de su pa\u00eds a cada paso que mejore la cooperaci\u00f3n comercial e industrial conjunta.<\/p>\n<p style=\"text-align: justify;\">La delegaci\u00f3n siria est\u00e1 compuesta por los viceministros de Comercio Interior y de Industria, y a los directores generales de las empresas de Comercio y de Industrias Textiles.<\/p>\n<p style=\"text-align: justify;\"><span style=\"color: #0000ff;\"><strong>fm<\/strong><\/span><\/p>\n","protected":false},"excerpt":{"rendered":"<p>Teher\u00e1n, SANA El Secretario del Comit\u00e9 para Desarrollo de Relaciones Comerciales Sirio-iran\u00edes, Hassan Danae Far, repas\u00f3 con una delegaci\u00f3n econ\u00f3mica siria que visita a Teher\u00e1n, las perspectivas de desarrollar las relaciones comerciales e industriales entre los dos pa\u00edses. Danae Far destac\u00f3 el inter\u00e9s de su pa\u00eds en garantizar la infraestructura necesaria para fortalecer y desarrollar &hellip;<\/p>\n","protected":false},"author":34,"featured_media":180960,"comment_status":"closed","ping_status":"closed","sticky":false,"template":"","format":"standard","meta":{"footnotes":""},"categories":[447,477,597,16686,485,457,467,7541],"tags":[],"class_list":["post-180959","post","type-post","status-publish","format-standard","has-post-thumbnail","","category-local-politica","category-noticias-edulcorantes","category-cinta-de-noticias","category-economia","category-informes-negocios-y-finanzas","category-noticias-arabe-internacional-politica","category-siria-y-el-mundo","category-ultimas-noticias"],"_links":{"self":[{"href":"https:\/\/archive.sana.sy\/es\/index.php?rest_route=\/wp\/v2\/posts\/180959"}],"collection":[{"href":"https:\/\/archive.sana.sy\/es\/index.php?rest_route=\/wp\/v2\/posts"}],"about":[{"href":"https:\/\/archive.sana.sy\/es\/index.php?rest_route=\/wp\/v2\/types\/post"}],"author":[{"embeddable":true,"href":"https:\/\/archive.sana.sy\/es\/index.php?rest_route=\/wp\/v2\/users\/34"}],"replies":[{"embeddable":true,"href":"https:\/\/archive.sana.sy\/es\/index.php?rest_route=%2Fwp%2Fv2%2Fcomments&post=180959"}],"version-history":[{"count":0,"href":"https:\/\/archive.sana.sy\/es\/index.php?rest_route=\/wp\/v2\/posts\/180959\/revisions"}],"wp:featuredmedia":[{"embeddable":true,"href":"https:\/\/archive.sana.sy\/es\/index.php?rest_route=\/wp\/v2\/media\/180960"}],"wp:attachment":[{"href":"https:\/\/archive.sana.sy\/es\/index.php?rest_route=%2Fwp%2Fv2%2Fmedia&parent=180959"}],"wp:term":[{"taxonomy":"category","embeddable":true,"href":"https:\/\/archive.sana.sy\/es\/index.php?rest_route=%2Fwp%2Fv2%2Fcategories&post=180959"},{"taxonomy":"post_tag","embeddable":true,"href":"https:\/\/archive.sana.sy\/es\/index.php?rest_route=%2Fwp%2Fv2%2Ftags&post=180959"}],"curies":[{"name":"wp","href":"https:\/\/api.w.org\/{rel}","templated":true}]}}