{"id":180991,"date":"2021-05-23T11:26:24","date_gmt":"2021-05-23T08:26:24","guid":{"rendered":"http:\/\/107.6.182.27\/es\/?p=180991"},"modified":"2021-05-24T07:34:37","modified_gmt":"2021-05-24T04:34:37","slug":"primer-ministro-visita-provincia-de-sweida-al-frente-de-delegacion-gubernamental","status":"publish","type":"post","link":"https:\/\/archive.sana.sy\/es\/?p=180991","title":{"rendered":"Primer Ministro visita provincia de Sweida al frente de delegaci\u00f3n gubernamental"},"content":{"rendered":"<p><span style=\"color: #800000;\"><strong>Sweida, SANA<\/strong><\/span><\/p>\n<p>El Primer Ministro, Hussein Arnous, inici\u00f3 una visita a la provincia de Sweida en el sur de pa\u00eds, al frente de una delegaci\u00f3n gubernamental.<\/p>\n<p>Acompa\u00f1a al jefe del Gabinete los ministros de Administraci\u00f3n Local, Obras P\u00fablicas y Vivienda, el Interior, Salud, Educaci\u00f3n Superior e Investigaci\u00f3n Cient\u00edfica, Turismo, Telecomunicaciones, Econom\u00eda y de Finanzas, adem\u00e1s del Secretario General de la Presidencia del Consejo de Ministros.<\/p>\n<p><span style=\"color: #0000ff;\"><strong>Nota en desarrollo ..<\/strong><\/span><\/p>\n<div id='gallery-1' class='gallery galleryid-180991 gallery-columns-1 gallery-size-full'><figure class='gallery-item'>\n\t\t\t<div class='gallery-icon landscape'>\n\t\t\t\t<a href='https:\/\/archive.sana.sy\/es\/?attachment_id=180992'><img loading=\"lazy\" decoding=\"async\" width=\"2560\" height=\"1609\" src=\"https:\/\/archive.sana.sy\/es\/wp-content\/uploads\/2021\/05\/1-1-3-scaled.jpg\" class=\"attachment-full size-full\" alt=\"\" srcset=\"https:\/\/archive.sana.sy\/es\/wp-content\/uploads\/2021\/05\/1-1-3-scaled.jpg 2560w, https:\/\/archive.sana.sy\/es\/wp-content\/uploads\/2021\/05\/1-1-3-300x189.jpg 300w, https:\/\/archive.sana.sy\/es\/wp-content\/uploads\/2021\/05\/1-1-3-1024x644.jpg 1024w, https:\/\/archive.sana.sy\/es\/wp-content\/uploads\/2021\/05\/1-1-3-150x94.jpg 150w, https:\/\/archive.sana.sy\/es\/wp-content\/uploads\/2021\/05\/1-1-3-768x483.jpg 768w, https:\/\/archive.sana.sy\/es\/wp-content\/uploads\/2021\/05\/1-1-3-1536x965.jpg 1536w, https:\/\/archive.sana.sy\/es\/wp-content\/uploads\/2021\/05\/1-1-3-2048x1287.jpg 2048w\" sizes=\"(max-width: 2560px) 100vw, 2560px\" \/><\/a>\n\t\t\t<\/div><\/figure><figure class='gallery-item'>\n\t\t\t<div class='gallery-icon landscape'>\n\t\t\t\t<a href='https:\/\/archive.sana.sy\/es\/?attachment_id=180993'><img loading=\"lazy\" decoding=\"async\" width=\"2560\" height=\"1480\" src=\"https:\/\/archive.sana.sy\/es\/wp-content\/uploads\/2021\/05\/1-6-2-scaled.jpg\" class=\"attachment-full size-full\" alt=\"\" srcset=\"https:\/\/archive.sana.sy\/es\/wp-content\/uploads\/2021\/05\/1-6-2-scaled.jpg 2560w, https:\/\/archive.sana.sy\/es\/wp-content\/uploads\/2021\/05\/1-6-2-300x173.jpg 300w, https:\/\/archive.sana.sy\/es\/wp-content\/uploads\/2021\/05\/1-6-2-1024x592.jpg 1024w, https:\/\/archive.sana.sy\/es\/wp-content\/uploads\/2021\/05\/1-6-2-150x87.jpg 150w, https:\/\/archive.sana.sy\/es\/wp-content\/uploads\/2021\/05\/1-6-2-768x444.jpg 768w, https:\/\/archive.sana.sy\/es\/wp-content\/uploads\/2021\/05\/1-6-2-1536x888.jpg 1536w, https:\/\/archive.sana.sy\/es\/wp-content\/uploads\/2021\/05\/1-6-2-2048x1184.jpg 2048w\" sizes=\"(max-width: 2560px) 100vw, 2560px\" \/><\/a>\n\t\t\t<\/div><\/figure>\n\t\t<\/div>\n\n<p><span style=\"color: #0000ff;\"><strong>fm\/ws<\/strong><\/span><\/p>\n","protected":false},"excerpt":{"rendered":"<p>Sweida, SANA El Primer Ministro, Hussein Arnous, inici\u00f3 una visita a la provincia de Sweida en el sur de pa\u00eds, al frente de una delegaci\u00f3n gubernamental. Acompa\u00f1a al jefe del Gabinete los ministros de Administraci\u00f3n Local, Obras P\u00fablicas y Vivienda, el Interior, Salud, Educaci\u00f3n Superior e Investigaci\u00f3n Cient\u00edfica, Turismo, Telecomunicaciones, Econom\u00eda y de Finanzas, adem\u00e1s &hellip;<\/p>\n","protected":false},"author":35,"featured_media":180992,"comment_status":"closed","ping_status":"closed","sticky":false,"template":"","format":"standard","meta":{"footnotes":""},"categories":[597,476,7541],"tags":[],"class_list":["post-180991","post","type-post","status-publish","format-standard","has-post-thumbnail","","category-cinta-de-noticias","category-locales","category-ultimas-noticias"],"_links":{"self":[{"href":"https:\/\/archive.sana.sy\/es\/index.php?rest_route=\/wp\/v2\/posts\/180991"}],"collection":[{"href":"https:\/\/archive.sana.sy\/es\/index.php?rest_route=\/wp\/v2\/posts"}],"about":[{"href":"https:\/\/archive.sana.sy\/es\/index.php?rest_route=\/wp\/v2\/types\/post"}],"author":[{"embeddable":true,"href":"https:\/\/archive.sana.sy\/es\/index.php?rest_route=\/wp\/v2\/users\/35"}],"replies":[{"embeddable":true,"href":"https:\/\/archive.sana.sy\/es\/index.php?rest_route=%2Fwp%2Fv2%2Fcomments&post=180991"}],"version-history":[{"count":0,"href":"https:\/\/archive.sana.sy\/es\/index.php?rest_route=\/wp\/v2\/posts\/180991\/revisions"}],"wp:featuredmedia":[{"embeddable":true,"href":"https:\/\/archive.sana.sy\/es\/index.php?rest_route=\/wp\/v2\/media\/180992"}],"wp:attachment":[{"href":"https:\/\/archive.sana.sy\/es\/index.php?rest_route=%2Fwp%2Fv2%2Fmedia&parent=180991"}],"wp:term":[{"taxonomy":"category","embeddable":true,"href":"https:\/\/archive.sana.sy\/es\/index.php?rest_route=%2Fwp%2Fv2%2Fcategories&post=180991"},{"taxonomy":"post_tag","embeddable":true,"href":"https:\/\/archive.sana.sy\/es\/index.php?rest_route=%2Fwp%2Fv2%2Ftags&post=180991"}],"curies":[{"name":"wp","href":"https:\/\/api.w.org\/{rel}","templated":true}]}}