{"id":18101,"date":"2015-02-17T23:10:10","date_gmt":"2015-02-17T21:10:10","guid":{"rendered":"http:\/\/www.sana.sy\/es\/?p=18101"},"modified":"2015-02-19T22:30:02","modified_gmt":"2015-02-19T20:30:02","slug":"ejercito-lanza-ataques-contra-sedes-del-ei-y-elimina-a-numerosos-terroristas","status":"publish","type":"post","link":"https:\/\/archive.sana.sy\/es\/?p=18101","title":{"rendered":"Ej\u00e9rcito lanza ataques contra sedes del EI y elimina a numerosos terroristas"},"content":{"rendered":"<p style=\"text-align: justify\"><span style=\"color: #0000ff\">Damasco Campo<\/span><br \/>\nUnidades del ej\u00e9rcito en una operaci\u00f3n especial consiguieron liquidar a gran n\u00famero de terroristas, entre ellos de nacionalidades extranjeras de Arabia Saud\u00ed y otros pa\u00edses; durante la operaci\u00f3n el ej\u00e9rcito destruy\u00f3 veh\u00edculos y t\u00faneles que han sido usados por los terroristas en Al-Gouta Oriental, Al-kalamun y Al-Zabadani en el campo de Damasco.<\/p>\n<p>Asimismo, en las afueras de la ciudad Duma, un veh\u00edculo y varios terroristas fueron eliminados a manos de las unidades del ej\u00e9rcito, adem\u00e1s de la destrucci\u00f3n de un taller de fabricaci\u00f3n de bombas y misiles.<\/p>\n<p><span style=\"color: #0000ff\">Idleb<\/span><br \/>\nUna fuente militar le inform\u00f3 a SANA, que unas tropas del ej\u00e9rcito y de las fuerzas armadas eliminaron a un n\u00famero de terroristas en las zonas de Al-Shager y Doer Al-Akrad y cerca de la F\u00e1brica de Corcho en la campi\u00f1a de Idleb.<\/p>\n<p><span style=\"color: #0000ff\">Homs<\/span><br \/>\nTropas del ej\u00e9rcito y de las fuerzas armadas consiguieron acabar con terroristas bombardeando sus refugios en las zonas de Al-Doebah, Salam Sharqui, alrededor del colegio industrial en el municipio Al-Rastan y Um Sharshoh en el campo de Homs.<\/p>\n<p><span style=\"color: #0000ff\">Al-Kuneitra<\/span><br \/>\nUna fuente militar inform\u00f3 que las unidades del ej\u00e9rcito lograron eliminar a un n\u00famero de terroristas en Al-Mesherfa en el campo de Al-Kuneitra.<\/p>\n<p><span style=\"color: #0000ff\">Alepo<\/span><br \/>\nLas unidades del ej\u00e9rcito y de las fuerzas armadas en cooperaci\u00f3n con los grupos de la defensa popular lograron a trav\u00e9s de un operativo especial en la campi\u00f1a norte de Alepo retomaron el control en las zonas de Deir Al-Zaitun, Kefer Tune, Bashkoa y la colina Msibin, Hardetin y Retean.<\/p>\n<p>Asimismo, seg\u00fan una fuente militar, las tropas del ej\u00e9rcito bombarde\u00f3 los escondites de los terroristas y sus posiciones en las zonas de Kafur, las fincas de Al-Malah, Kastilo, La plaza Al-Nanai, Kefer Hamra, Bani Zaid, Maarat\u00a0 Al-Artik y en el zoco Al-Jabas, Al-Atareb, Al-Zarba, Anadan, Hayan, y Al-Lairamun, y otras zonas en la ciudad de Alepo y su campi\u00f1a.<\/p>\n<p><span style=\"color: #800000\">M.Miri, Riad.Sh<\/span><\/p>\n","protected":false},"excerpt":{"rendered":"<p>Damasco Campo Unidades del ej\u00e9rcito en una operaci\u00f3n especial consiguieron liquidar a gran n\u00famero de terroristas, entre ellos de nacionalidades extranjeras de Arabia Saud\u00ed y otros pa\u00edses; durante la operaci\u00f3n el ej\u00e9rcito destruy\u00f3 veh\u00edculos y t\u00faneles que han sido usados por los terroristas en Al-Gouta Oriental, Al-kalamun y Al-Zabadani en el campo de Damasco. Asimismo, &hellip;<\/p>\n","protected":false},"author":1,"featured_media":17201,"comment_status":"closed","ping_status":"closed","sticky":false,"template":"","format":"standard","meta":{"footnotes":""},"categories":[573],"tags":[4110],"class_list":["post-18101","post","type-post","status-publish","format-standard","has-post-thumbnail","","category-la-realidad-de-los-acontecimientos-en-siria","tag-ejercito-lanza-ataques-contra-sedes-del-ei-y-elimina-a-numerosos-terroristas"],"_links":{"self":[{"href":"https:\/\/archive.sana.sy\/es\/index.php?rest_route=\/wp\/v2\/posts\/18101"}],"collection":[{"href":"https:\/\/archive.sana.sy\/es\/index.php?rest_route=\/wp\/v2\/posts"}],"about":[{"href":"https:\/\/archive.sana.sy\/es\/index.php?rest_route=\/wp\/v2\/types\/post"}],"author":[{"embeddable":true,"href":"https:\/\/archive.sana.sy\/es\/index.php?rest_route=\/wp\/v2\/users\/1"}],"replies":[{"embeddable":true,"href":"https:\/\/archive.sana.sy\/es\/index.php?rest_route=%2Fwp%2Fv2%2Fcomments&post=18101"}],"version-history":[{"count":0,"href":"https:\/\/archive.sana.sy\/es\/index.php?rest_route=\/wp\/v2\/posts\/18101\/revisions"}],"wp:featuredmedia":[{"embeddable":true,"href":"https:\/\/archive.sana.sy\/es\/index.php?rest_route=\/wp\/v2\/media\/17201"}],"wp:attachment":[{"href":"https:\/\/archive.sana.sy\/es\/index.php?rest_route=%2Fwp%2Fv2%2Fmedia&parent=18101"}],"wp:term":[{"taxonomy":"category","embeddable":true,"href":"https:\/\/archive.sana.sy\/es\/index.php?rest_route=%2Fwp%2Fv2%2Fcategories&post=18101"},{"taxonomy":"post_tag","embeddable":true,"href":"https:\/\/archive.sana.sy\/es\/index.php?rest_route=%2Fwp%2Fv2%2Ftags&post=18101"}],"curies":[{"name":"wp","href":"https:\/\/api.w.org\/{rel}","templated":true}]}}