{"id":18113,"date":"2015-02-18T13:28:34","date_gmt":"2015-02-18T11:28:34","guid":{"rendered":"http:\/\/www.sana.sy\/es\/?p=18113"},"modified":"2015-02-18T13:28:34","modified_gmt":"2015-02-18T11:28:34","slug":"vicepresidente-de-iran-el-mundo-debe-apoyar-a-siria-e-irak-en-su-lucha-antiterrorista","status":"publish","type":"post","link":"https:\/\/archive.sana.sy\/es\/?p=18113","title":{"rendered":"Vicepresidente de Ir\u00e1n: el mundo debe apoyar a Siria e Irak en su lucha antiterrorista"},"content":{"rendered":"<div><span style=\"color: #ff0000\">Bagdad, SANA<\/span><\/div>\n<div><\/div>\n<div><span lang=\"ES-TRAD\">El primer vicepresidente iran\u00ed, Yitzhak Jhangere, subray\u00f3 que la comunidad internacional debe apoyar a los pueblos de Siria e Irak en la lucha contra las organizaciones terroristas porque estos dos pa\u00edses forman la primera trinchera frente al terrorismo que amenaza a todo el mundo.<\/span><\/div>\n<div><\/div>\n<div><span lang=\"ES-TRAD\">De acuerdo con un comunicado emitido por la Presidencia de la Rep\u00fablica de Irak, Jhangere subray\u00f3 durante una reuni\u00f3n con el presidente iraqu\u00ed, Fuad Masum, en la capital iraqu\u00ed, Bagdad, que &#8220;Ir\u00e1n considera que el EI constituye una amenaza para toda la regi\u00f3n y el mundo&#8221;.<\/span><\/div>\n<div><\/div>\n<div><span lang=\"ES-TRAD\">Cabe destacar que el vicepresidente iran\u00ed se encuentra actualmente en una visita oficial a Irak para discutir las formas de fortalecer las relaciones bilaterales entre los dos pa\u00edses en todos los campos, adem\u00e1s de la cooperaci\u00f3n en la lucha contra el fen\u00f3meno inquietante del terrorismo que azota la regi\u00f3n.<\/span><\/div>\n<div><\/div>\n<div><span style=\"color: #00ccff\">Fady M., Hala B.<\/span><\/div>\n","protected":false},"excerpt":{"rendered":"<p>Bagdad, SANA El primer vicepresidente iran\u00ed, Yitzhak Jhangere, subray\u00f3 que la comunidad internacional debe apoyar a los pueblos de Siria e Irak en la lucha contra las organizaciones terroristas porque estos dos pa\u00edses forman la primera trinchera frente al terrorismo que amenaza a todo el mundo. De acuerdo con un comunicado emitido por la Presidencia &hellip;<\/p>\n","protected":false},"author":1,"featured_media":18114,"comment_status":"closed","ping_status":"closed","sticky":false,"template":"","format":"standard","meta":{"footnotes":""},"categories":[456,576],"tags":[4114],"class_list":["post-18113","post","type-post","status-publish","format-standard","has-post-thumbnail","","category-arabe-internacional-politica","category-noticias-politicas","tag-vicepresidente-de-iran-el-mundo-debe-apoyar-a-siria-e-irak-en-su-lucha-antiterrorista"],"_links":{"self":[{"href":"https:\/\/archive.sana.sy\/es\/index.php?rest_route=\/wp\/v2\/posts\/18113"}],"collection":[{"href":"https:\/\/archive.sana.sy\/es\/index.php?rest_route=\/wp\/v2\/posts"}],"about":[{"href":"https:\/\/archive.sana.sy\/es\/index.php?rest_route=\/wp\/v2\/types\/post"}],"author":[{"embeddable":true,"href":"https:\/\/archive.sana.sy\/es\/index.php?rest_route=\/wp\/v2\/users\/1"}],"replies":[{"embeddable":true,"href":"https:\/\/archive.sana.sy\/es\/index.php?rest_route=%2Fwp%2Fv2%2Fcomments&post=18113"}],"version-history":[{"count":0,"href":"https:\/\/archive.sana.sy\/es\/index.php?rest_route=\/wp\/v2\/posts\/18113\/revisions"}],"wp:featuredmedia":[{"embeddable":true,"href":"https:\/\/archive.sana.sy\/es\/index.php?rest_route=\/wp\/v2\/media\/18114"}],"wp:attachment":[{"href":"https:\/\/archive.sana.sy\/es\/index.php?rest_route=%2Fwp%2Fv2%2Fmedia&parent=18113"}],"wp:term":[{"taxonomy":"category","embeddable":true,"href":"https:\/\/archive.sana.sy\/es\/index.php?rest_route=%2Fwp%2Fv2%2Fcategories&post=18113"},{"taxonomy":"post_tag","embeddable":true,"href":"https:\/\/archive.sana.sy\/es\/index.php?rest_route=%2Fwp%2Fv2%2Ftags&post=18113"}],"curies":[{"name":"wp","href":"https:\/\/api.w.org\/{rel}","templated":true}]}}