{"id":18116,"date":"2015-02-18T13:51:14","date_gmt":"2015-02-18T11:51:14","guid":{"rendered":"http:\/\/www.sana.sy\/es\/?p=18116"},"modified":"2015-02-18T13:51:14","modified_gmt":"2015-02-18T11:51:14","slug":"jamenei-los-paises-que-conforman-la-coalicion-internacional-apoyan-con-armas-al-estado-islamico","status":"publish","type":"post","link":"https:\/\/archive.sana.sy\/es\/?p=18116","title":{"rendered":"Jamenei: los pa\u00edses que conforman la coalici\u00f3n internacional apoyan con armas al Estado Isl\u00e1mico"},"content":{"rendered":"<div><span style=\"color: #ff0000\">Teher\u00e1n, SANA<\/span><\/div>\n<div><\/div>\n<div><span lang=\"ES-TRAD\">El l\u00edder supremo de la Revoluci\u00f3n Isl\u00e1mica de Ir\u00e1n, Sayyed Ali Jamenei, critic\u00f3 a la coalici\u00f3n internacional que alega luchar contra el terrorismo, y dijo que esta coalici\u00f3n propagand\u00edstica env\u00eda armas al EI y existen fotograf\u00edas que demuestran esto.<\/span><\/div>\n<div><\/div>\n<div><span lang=\"ES-TRAD\">En un discurso ante una gran multitud de residentes de la ciudad iran\u00ed de Tabriz, Jamenei dijo que &#8220;los enemigos de Ir\u00e1n se est\u00e1n aprovechando del arma del bloqueo para detener el avance del pueblo iran\u00ed.<\/span><\/div>\n<div><\/div>\n<div><span lang=\"ES-TRAD\">Boroujerdi: los pa\u00edses isl\u00e1micos sufren actualmente de los retos de seguridad<\/span><\/div>\n<div><span lang=\"ES-TRAD\">Por su parte, el presidente de la Comisi\u00f3n de Seguridad Nacional y Pol\u00edtica Exterior en el Consejo de la Shura iran\u00ed, Alaeddin Boroujerdi, dijo que los pa\u00edses isl\u00e1micos sufren actualmente de serios problemas de seguridad mientras disfruta Ir\u00e1n de una seguridad sostenible en medio de un estado de anarqu\u00eda en la regi\u00f3n.<\/span><\/div>\n<div><\/div>\n<div><span lang=\"ES-TRAD\">Boroujerdi dijo en una reuni\u00f3n ante el Consejo Administrativo de la ciudad de Boroujerd, que Ir\u00e1n debe prepararse para enfrentar al enemigo en los niveles econ\u00f3mico, pol\u00edtico, social y cultural.<\/span><\/div>\n<div><\/div>\n<div><span style=\"color: #00ccff\">Fady M., Hala B.<\/span><\/div>\n<div class=\"yj6qo ajU\">\n<div id=\":124\" class=\"ajR\"><img decoding=\"async\" class=\"ajT\" src=\"https:\/\/ssl.gstatic.com\/ui\/v1\/icons\/mail\/images\/cleardot.gif\" alt=\"\" \/><\/div>\n<\/div>\n","protected":false},"excerpt":{"rendered":"<p>Teher\u00e1n, SANA El l\u00edder supremo de la Revoluci\u00f3n Isl\u00e1mica de Ir\u00e1n, Sayyed Ali Jamenei, critic\u00f3 a la coalici\u00f3n internacional que alega luchar contra el terrorismo, y dijo que esta coalici\u00f3n propagand\u00edstica env\u00eda armas al EI y existen fotograf\u00edas que demuestran esto. En un discurso ante una gran multitud de residentes de la ciudad iran\u00ed de &hellip;<\/p>\n","protected":false},"author":1,"featured_media":18117,"comment_status":"closed","ping_status":"closed","sticky":false,"template":"","format":"standard","meta":{"footnotes":""},"categories":[456,576],"tags":[4115],"class_list":["post-18116","post","type-post","status-publish","format-standard","has-post-thumbnail","","category-arabe-internacional-politica","category-noticias-politicas","tag-jamenei-los-paises-que-conforman-la-coalicion-internacional-apoyan-con-armas-al-estado-islamico"],"_links":{"self":[{"href":"https:\/\/archive.sana.sy\/es\/index.php?rest_route=\/wp\/v2\/posts\/18116"}],"collection":[{"href":"https:\/\/archive.sana.sy\/es\/index.php?rest_route=\/wp\/v2\/posts"}],"about":[{"href":"https:\/\/archive.sana.sy\/es\/index.php?rest_route=\/wp\/v2\/types\/post"}],"author":[{"embeddable":true,"href":"https:\/\/archive.sana.sy\/es\/index.php?rest_route=\/wp\/v2\/users\/1"}],"replies":[{"embeddable":true,"href":"https:\/\/archive.sana.sy\/es\/index.php?rest_route=%2Fwp%2Fv2%2Fcomments&post=18116"}],"version-history":[{"count":0,"href":"https:\/\/archive.sana.sy\/es\/index.php?rest_route=\/wp\/v2\/posts\/18116\/revisions"}],"wp:featuredmedia":[{"embeddable":true,"href":"https:\/\/archive.sana.sy\/es\/index.php?rest_route=\/wp\/v2\/media\/18117"}],"wp:attachment":[{"href":"https:\/\/archive.sana.sy\/es\/index.php?rest_route=%2Fwp%2Fv2%2Fmedia&parent=18116"}],"wp:term":[{"taxonomy":"category","embeddable":true,"href":"https:\/\/archive.sana.sy\/es\/index.php?rest_route=%2Fwp%2Fv2%2Fcategories&post=18116"},{"taxonomy":"post_tag","embeddable":true,"href":"https:\/\/archive.sana.sy\/es\/index.php?rest_route=%2Fwp%2Fv2%2Ftags&post=18116"}],"curies":[{"name":"wp","href":"https:\/\/api.w.org\/{rel}","templated":true}]}}