{"id":18140,"date":"2015-02-18T22:30:49","date_gmt":"2015-02-18T20:30:49","guid":{"rendered":"http:\/\/www.sana.sy\/es\/?p=18140"},"modified":"2015-02-18T22:30:49","modified_gmt":"2015-02-18T20:30:49","slug":"bogdanov-examina-con-el-embajador-frances-en-rusia-la-cuestion-de-siria","status":"publish","type":"post","link":"https:\/\/archive.sana.sy\/es\/?p=18140","title":{"rendered":"Bogdanov examina con el embajador franc\u00e9s en Rusia la cuesti\u00f3n de Siria"},"content":{"rendered":"<p><span style=\"color: #0000ff\">Mosc\u00fa-SANA<\/span><\/p>\n<p style=\"text-align: justify\">El Representante Especial del Presidente de Rusia para los Asuntos del Oriente Medio y \u00c1frica, viceministro de Relaciones Exteriores de Rusia, Mikhail L. Bogdanov, examin\u00f3 hoy en Mosc\u00fa con el embajador de Francia en Mosc\u00fa, Jean-Maurice RipertI, la crisis en Siria y en toda la regi\u00f3n.<\/p>\n<p style=\"text-align: justify\">El Ministerio de Relaciones Exteriores ruso inform\u00f3 en un comunicado que, las conversaciones abordaron las perspectivas de una soluci\u00f3n de la crisis siria, y otras temas de inter\u00e9s com\u00fan en el Oriente Medio.<\/p>\n<p style=\"text-align: justify\">Por su parte, Ilya Rogachev, el director del Departamento de Peligros y Desaf\u00edos en el Ministerio de Exteriores ruso dijo que, la pol\u00edtica seguida por los europeos hacia el Oriente Medio y \u00c1frica, condujo a los recientes actos terroristas sucedidos en Europa.<\/p>\n<p><span style=\"color: #800000\">M.Miri,Riad,Sh<\/span><\/p>\n","protected":false},"excerpt":{"rendered":"<p>Mosc\u00fa-SANA El Representante Especial del Presidente de Rusia para los Asuntos del Oriente Medio y \u00c1frica, viceministro de Relaciones Exteriores de Rusia, Mikhail L. Bogdanov, examin\u00f3 hoy en Mosc\u00fa con el embajador de Francia en Mosc\u00fa, Jean-Maurice RipertI, la crisis en Siria y en toda la regi\u00f3n. El Ministerio de Relaciones Exteriores ruso inform\u00f3 en &hellip;<\/p>\n","protected":false},"author":1,"featured_media":18141,"comment_status":"closed","ping_status":"closed","sticky":false,"template":"","format":"standard","meta":{"footnotes":""},"categories":[597,456,457],"tags":[4125],"class_list":["post-18140","post","type-post","status-publish","format-standard","has-post-thumbnail","","category-cinta-de-noticias","category-arabe-internacional-politica","category-noticias-arabe-internacional-politica","tag-bogdanov-examina-con-el-embajador-frances-en-rusia-la-cuestion-de-siria"],"_links":{"self":[{"href":"https:\/\/archive.sana.sy\/es\/index.php?rest_route=\/wp\/v2\/posts\/18140"}],"collection":[{"href":"https:\/\/archive.sana.sy\/es\/index.php?rest_route=\/wp\/v2\/posts"}],"about":[{"href":"https:\/\/archive.sana.sy\/es\/index.php?rest_route=\/wp\/v2\/types\/post"}],"author":[{"embeddable":true,"href":"https:\/\/archive.sana.sy\/es\/index.php?rest_route=\/wp\/v2\/users\/1"}],"replies":[{"embeddable":true,"href":"https:\/\/archive.sana.sy\/es\/index.php?rest_route=%2Fwp%2Fv2%2Fcomments&post=18140"}],"version-history":[{"count":0,"href":"https:\/\/archive.sana.sy\/es\/index.php?rest_route=\/wp\/v2\/posts\/18140\/revisions"}],"wp:featuredmedia":[{"embeddable":true,"href":"https:\/\/archive.sana.sy\/es\/index.php?rest_route=\/wp\/v2\/media\/18141"}],"wp:attachment":[{"href":"https:\/\/archive.sana.sy\/es\/index.php?rest_route=%2Fwp%2Fv2%2Fmedia&parent=18140"}],"wp:term":[{"taxonomy":"category","embeddable":true,"href":"https:\/\/archive.sana.sy\/es\/index.php?rest_route=%2Fwp%2Fv2%2Fcategories&post=18140"},{"taxonomy":"post_tag","embeddable":true,"href":"https:\/\/archive.sana.sy\/es\/index.php?rest_route=%2Fwp%2Fv2%2Ftags&post=18140"}],"curies":[{"name":"wp","href":"https:\/\/api.w.org\/{rel}","templated":true}]}}