{"id":181459,"date":"2021-05-25T15:49:22","date_gmt":"2021-05-25T12:49:22","guid":{"rendered":"http:\/\/107.6.182.27\/es\/?p=181459"},"modified":"2021-05-25T15:49:22","modified_gmt":"2021-05-25T12:49:22","slug":"siria-e-iran-seran-faro-y-modelo-por-soberania-de-sus-decisiones-afirma-shaaban","status":"publish","type":"post","link":"https:\/\/archive.sana.sy\/es\/?p=181459","title":{"rendered":"Siria e Ir\u00e1n ser\u00e1n faro y modelo por soberan\u00eda de sus decisiones, afirma Shaaban"},"content":{"rendered":"<p style=\"text-align: justify;\"><span style=\"color: #800000;\"><strong>Damasco, SANA<\/strong><\/span><\/p>\n<p style=\"text-align: justify;\">La Asesora Especial en la Presidencia de la Rep\u00fablica, Bozaina Shaaban, afirm\u00f3 que Siria ha sufrido a lo largo de la historia de la ocupaci\u00f3n y el colonialismo, pero siempre ha salido victoriosa.<\/p>\n<p style=\"text-align: justify;\">\u201cSiria e Ir\u00e1n ser\u00e1n el faro de la decisi\u00f3n independiente y el modelo de la libertad en la regi\u00f3n y el mundo\u201d, afirma Shaaban durante su reuni\u00f3n con una delegaci\u00f3n de la Asamblea Consultiva Isl\u00e1mica (Shura) de Ir\u00e1n encabezada por la Dra. Zahra Al-Hayyan, jefa del Comit\u00e9 de Derechos Humanos de la Comisi\u00f3n de Seguridad Nacional y Pol\u00edtica Exterior.<\/p>\n<p style=\"text-align: justify;\">Agradeci\u00f3 la respuesta iran\u00ed a la invitaci\u00f3n siria para asistir al proceso de elecciones presidenciales programadas para este mi\u00e9rcoles.<br \/>\nAsimismo, expres\u00f3 la gratitud del pueblo sirio por el papel de Ir\u00e1n en la lucha contra el terrorismo, y destac\u00f3 que los pueblos sirio e iran\u00ed superar\u00e1n todas las dificultades que les rodean.<\/p>\n<p style=\"text-align: justify;\">A su vez, la jefa de la delegaci\u00f3n iran\u00ed habl\u00f3 sobre el papel fundamental de Siria en la regi\u00f3n y destac\u00f3 que Siria ha resistido al imperialismo y que la guerra en su contra era una guerra global, pero esta guerra no logr\u00f3 su objetivo de derrocar al Estado sirio.<\/p>\n<p style=\"text-align: justify;\">Agreg\u00f3 que la estabilidad y seguridad que reina hoy en Siria es el resultado de la firmeza del pueblo sirio y sus sacrificios por defender la tierra y la dignidad.<\/p>\n<p style=\"text-align: justify;\"><strong><span style=\"color: #0000ff;\">fm\/ed<\/span><\/strong><\/p>\n","protected":false},"excerpt":{"rendered":"<p>Damasco, SANA La Asesora Especial en la Presidencia de la Rep\u00fablica, Bozaina Shaaban, afirm\u00f3 que Siria ha sufrido a lo largo de la historia de la ocupaci\u00f3n y el colonialismo, pero siempre ha salido victoriosa. \u201cSiria e Ir\u00e1n ser\u00e1n el faro de la decisi\u00f3n independiente y el modelo de la libertad en la regi\u00f3n y &hellip;<\/p>\n","protected":false},"author":32,"featured_media":181460,"comment_status":"closed","ping_status":"closed","sticky":false,"template":"","format":"standard","meta":{"footnotes":""},"categories":[597,467,7541],"tags":[],"class_list":["post-181459","post","type-post","status-publish","format-standard","has-post-thumbnail","","category-cinta-de-noticias","category-siria-y-el-mundo","category-ultimas-noticias"],"_links":{"self":[{"href":"https:\/\/archive.sana.sy\/es\/index.php?rest_route=\/wp\/v2\/posts\/181459"}],"collection":[{"href":"https:\/\/archive.sana.sy\/es\/index.php?rest_route=\/wp\/v2\/posts"}],"about":[{"href":"https:\/\/archive.sana.sy\/es\/index.php?rest_route=\/wp\/v2\/types\/post"}],"author":[{"embeddable":true,"href":"https:\/\/archive.sana.sy\/es\/index.php?rest_route=\/wp\/v2\/users\/32"}],"replies":[{"embeddable":true,"href":"https:\/\/archive.sana.sy\/es\/index.php?rest_route=%2Fwp%2Fv2%2Fcomments&post=181459"}],"version-history":[{"count":0,"href":"https:\/\/archive.sana.sy\/es\/index.php?rest_route=\/wp\/v2\/posts\/181459\/revisions"}],"wp:featuredmedia":[{"embeddable":true,"href":"https:\/\/archive.sana.sy\/es\/index.php?rest_route=\/wp\/v2\/media\/181460"}],"wp:attachment":[{"href":"https:\/\/archive.sana.sy\/es\/index.php?rest_route=%2Fwp%2Fv2%2Fmedia&parent=181459"}],"wp:term":[{"taxonomy":"category","embeddable":true,"href":"https:\/\/archive.sana.sy\/es\/index.php?rest_route=%2Fwp%2Fv2%2Fcategories&post=181459"},{"taxonomy":"post_tag","embeddable":true,"href":"https:\/\/archive.sana.sy\/es\/index.php?rest_route=%2Fwp%2Fv2%2Ftags&post=181459"}],"curies":[{"name":"wp","href":"https:\/\/api.w.org\/{rel}","templated":true}]}}