{"id":181477,"date":"2021-05-25T15:58:09","date_gmt":"2021-05-25T12:58:09","guid":{"rendered":"http:\/\/107.6.182.27\/es\/?p=181477"},"modified":"2021-05-25T18:58:18","modified_gmt":"2021-05-25T15:58:18","slug":"compatriotas-en-el-golan-sirio-ocupado-llaman-a-una-amplia-participacion-en-las-elecciones-presidenciales","status":"publish","type":"post","link":"https:\/\/archive.sana.sy\/es\/?p=181477","title":{"rendered":"Compatriotas en el Gol\u00e1n sirio ocupado llaman a una amplia participaci\u00f3n en las elecciones presidenciales"},"content":{"rendered":"<p style=\"text-align: justify\"><span style=\"color: #800000\">Gol\u00e1n sirio ocupado, SANA<\/span><\/p>\n<p style=\"text-align: justify\">Nuestros compatriotas en el Gol\u00e1n sirio ocupado enfatizaron que la celebraci\u00f3n de las elecciones presidenciales demuestra que Siria ya cant\u00f3 victoria sobre todos sus enemigos, y pidieron una amplia participaci\u00f3n en la jornada electoral que se desarrollar\u00e1 ma\u00f1ana.<\/p>\n<p style=\"text-align: justify\">\u201cHacemos un llamado a las masas de nuestro pueblo \u00e1rabe sirio a participar masiva y ampliamente en las elecciones\u201d, se\u00f1alaron en un comunicado emitido este martes, y exigieron a que cada connacional sirio a ejercer su deber y derecho al voto porque al hacerlo est\u00e1 desempe\u00f1ando un papel patri\u00f3tico clave en la guerra contra el terrorismo y los intentos injerencistas.<\/p>\n<p style=\"text-align: justify\">Destacaron la importancia de que el pueblo sirio elija a la persona m\u00e1s capaz de liderar a Siria en la pr\u00f3xima etapa en su batalla contra el terrorismo, la ocupaci\u00f3n turca, estadounidense e israel\u00ed, as\u00ed como guiarla durante el proceso de reconstrucci\u00f3n.<\/p>\n<p style=\"text-align: justify\">Destacaron que la poblaci\u00f3n golanesa es parte integral de la Rep\u00fablica \u00c1rabe Siria, y respaldar\u00e1 al presidente elegido por los connacionales.<\/p>\n<p style=\"text-align: justify\"><em><span style=\"color: #0000ff\"><strong>la<\/strong><\/span><\/em><\/p>\n","protected":false},"excerpt":{"rendered":"<p>Gol\u00e1n sirio ocupado, SANA Nuestros compatriotas en el Gol\u00e1n sirio ocupado enfatizaron que la celebraci\u00f3n de las elecciones presidenciales demuestra que Siria ya cant\u00f3 victoria sobre todos sus enemigos, y pidieron una amplia participaci\u00f3n en la jornada electoral que se desarrollar\u00e1 ma\u00f1ana. \u201cHacemos un llamado a las masas de nuestro pueblo \u00e1rabe sirio a participar &hellip;<\/p>\n","protected":false},"author":24,"featured_media":181478,"comment_status":"closed","ping_status":"closed","sticky":false,"template":"","format":"standard","meta":{"footnotes":""},"categories":[597,476,7541],"tags":[],"class_list":["post-181477","post","type-post","status-publish","format-standard","has-post-thumbnail","","category-cinta-de-noticias","category-locales","category-ultimas-noticias"],"_links":{"self":[{"href":"https:\/\/archive.sana.sy\/es\/index.php?rest_route=\/wp\/v2\/posts\/181477"}],"collection":[{"href":"https:\/\/archive.sana.sy\/es\/index.php?rest_route=\/wp\/v2\/posts"}],"about":[{"href":"https:\/\/archive.sana.sy\/es\/index.php?rest_route=\/wp\/v2\/types\/post"}],"author":[{"embeddable":true,"href":"https:\/\/archive.sana.sy\/es\/index.php?rest_route=\/wp\/v2\/users\/24"}],"replies":[{"embeddable":true,"href":"https:\/\/archive.sana.sy\/es\/index.php?rest_route=%2Fwp%2Fv2%2Fcomments&post=181477"}],"version-history":[{"count":0,"href":"https:\/\/archive.sana.sy\/es\/index.php?rest_route=\/wp\/v2\/posts\/181477\/revisions"}],"wp:featuredmedia":[{"embeddable":true,"href":"https:\/\/archive.sana.sy\/es\/index.php?rest_route=\/wp\/v2\/media\/181478"}],"wp:attachment":[{"href":"https:\/\/archive.sana.sy\/es\/index.php?rest_route=%2Fwp%2Fv2%2Fmedia&parent=181477"}],"wp:term":[{"taxonomy":"category","embeddable":true,"href":"https:\/\/archive.sana.sy\/es\/index.php?rest_route=%2Fwp%2Fv2%2Fcategories&post=181477"},{"taxonomy":"post_tag","embeddable":true,"href":"https:\/\/archive.sana.sy\/es\/index.php?rest_route=%2Fwp%2Fv2%2Ftags&post=181477"}],"curies":[{"name":"wp","href":"https:\/\/api.w.org\/{rel}","templated":true}]}}