{"id":18161,"date":"2015-02-19T12:10:30","date_gmt":"2015-02-19T10:10:30","guid":{"rendered":"http:\/\/www.sana.sy\/es\/?p=18161"},"modified":"2015-02-21T15:23:32","modified_gmt":"2015-02-21T13:23:32","slug":"metrologia-pronostica-nevadas-a-partir-de-la-tarde-y-noche-de-hoy-jueves","status":"publish","type":"post","link":"https:\/\/archive.sana.sy\/es\/?p=18161","title":{"rendered":"Metrolog\u00eda pronostica nevadas a partir de la tarde y noche de hoy jueves"},"content":{"rendered":"<p>Damasco, SANA<\/p>\n<p>Torrenciales lluvias han ca\u00eddo en la mayor\u00eda de las provincias del pa\u00eds, al mismo tiempo en que Metrolog\u00eda pronostic\u00f3 nevadas a partir de la tarde de este jueves.<\/p>\n<p>Las m\u00e1s fuertes precipitaciones se registraron en la provincia costera de Latakia donde cayeron 97 mm, mientras en la zona de Slinfeh en la misma provincia, el espesor de la nieve alcanz\u00f3 10 cent\u00edmetros.<\/p>\n<p>La Direcci\u00f3n General de Meteorolog\u00eda \u00a0inform\u00f3 que una baja presi\u00f3n de origen polar afectar\u00e1 al pa\u00eds a partir de la noche de hoy jueves.<\/p>\n<p>Tambi\u00e9n, pronostic\u00f3 un descenso en las temperaturas que estar\u00e1n de 8 a 12 grados cent\u00edgrados por debajo de sus tasas anuales.<\/p>\n<p>&nbsp;<br \/>\nFady M., Hala B.<\/p>\n","protected":false},"excerpt":{"rendered":"<p>Damasco, SANA Torrenciales lluvias han ca\u00eddo en la mayor\u00eda de las provincias del pa\u00eds, al mismo tiempo en que Metrolog\u00eda pronostic\u00f3 nevadas a partir de la tarde de este jueves. Las m\u00e1s fuertes precipitaciones se registraron en la provincia costera de Latakia donde cayeron 97 mm, mientras en la zona de Slinfeh en la misma &hellip;<\/p>\n","protected":false},"author":1,"featured_media":18162,"comment_status":"closed","ping_status":"closed","sticky":false,"template":"","format":"standard","meta":{"footnotes":""},"categories":[476],"tags":[4133],"class_list":["post-18161","post","type-post","status-publish","format-standard","has-post-thumbnail","","category-locales","tag-metrologia-pronostica-nevadas-a-partir-de-la-tarde-y-noche-de-hoy-jueves"],"_links":{"self":[{"href":"https:\/\/archive.sana.sy\/es\/index.php?rest_route=\/wp\/v2\/posts\/18161"}],"collection":[{"href":"https:\/\/archive.sana.sy\/es\/index.php?rest_route=\/wp\/v2\/posts"}],"about":[{"href":"https:\/\/archive.sana.sy\/es\/index.php?rest_route=\/wp\/v2\/types\/post"}],"author":[{"embeddable":true,"href":"https:\/\/archive.sana.sy\/es\/index.php?rest_route=\/wp\/v2\/users\/1"}],"replies":[{"embeddable":true,"href":"https:\/\/archive.sana.sy\/es\/index.php?rest_route=%2Fwp%2Fv2%2Fcomments&post=18161"}],"version-history":[{"count":0,"href":"https:\/\/archive.sana.sy\/es\/index.php?rest_route=\/wp\/v2\/posts\/18161\/revisions"}],"wp:featuredmedia":[{"embeddable":true,"href":"https:\/\/archive.sana.sy\/es\/index.php?rest_route=\/wp\/v2\/media\/18162"}],"wp:attachment":[{"href":"https:\/\/archive.sana.sy\/es\/index.php?rest_route=%2Fwp%2Fv2%2Fmedia&parent=18161"}],"wp:term":[{"taxonomy":"category","embeddable":true,"href":"https:\/\/archive.sana.sy\/es\/index.php?rest_route=%2Fwp%2Fv2%2Fcategories&post=18161"},{"taxonomy":"post_tag","embeddable":true,"href":"https:\/\/archive.sana.sy\/es\/index.php?rest_route=%2Fwp%2Fv2%2Ftags&post=18161"}],"curies":[{"name":"wp","href":"https:\/\/api.w.org\/{rel}","templated":true}]}}