{"id":181892,"date":"2021-05-26T16:07:30","date_gmt":"2021-05-26T13:07:30","guid":{"rendered":"http:\/\/107.6.182.27\/es\/?p=181892"},"modified":"2021-05-26T16:07:30","modified_gmt":"2021-05-26T13:07:30","slug":"comite-supremo-judicial-de-elecciones-no-se-registraron-ningunas-violaciones-ni-problemas-en-ningun-centro-electoral-y-no-hemos-recibido-denuncias-de-los-subcomites-judiciales-de-las-eleccione","status":"publish","type":"post","link":"https:\/\/archive.sana.sy\/es\/?p=181892","title":{"rendered":"\u00a0Comit\u00e9 Supremo Judicial de Elecciones: No se registraron ningunas violaciones ni problemas en ning\u00fan centro electoral, y no hemos recibido denuncias de los subcomit\u00e9s judiciales de las elecciones."},"content":{"rendered":"","protected":false},"excerpt":{"rendered":"","protected":false},"author":34,"featured_media":0,"comment_status":"closed","ping_status":"closed","sticky":false,"template":"","format":"standard","meta":{"footnotes":""},"categories":[596],"tags":[],"class_list":["post-181892","post","type-post","status-publish","format-standard","","category-urgente"],"_links":{"self":[{"href":"https:\/\/archive.sana.sy\/es\/index.php?rest_route=\/wp\/v2\/posts\/181892"}],"collection":[{"href":"https:\/\/archive.sana.sy\/es\/index.php?rest_route=\/wp\/v2\/posts"}],"about":[{"href":"https:\/\/archive.sana.sy\/es\/index.php?rest_route=\/wp\/v2\/types\/post"}],"author":[{"embeddable":true,"href":"https:\/\/archive.sana.sy\/es\/index.php?rest_route=\/wp\/v2\/users\/34"}],"replies":[{"embeddable":true,"href":"https:\/\/archive.sana.sy\/es\/index.php?rest_route=%2Fwp%2Fv2%2Fcomments&post=181892"}],"version-history":[{"count":0,"href":"https:\/\/archive.sana.sy\/es\/index.php?rest_route=\/wp\/v2\/posts\/181892\/revisions"}],"wp:attachment":[{"href":"https:\/\/archive.sana.sy\/es\/index.php?rest_route=%2Fwp%2Fv2%2Fmedia&parent=181892"}],"wp:term":[{"taxonomy":"category","embeddable":true,"href":"https:\/\/archive.sana.sy\/es\/index.php?rest_route=%2Fwp%2Fv2%2Fcategories&post=181892"},{"taxonomy":"post_tag","embeddable":true,"href":"https:\/\/archive.sana.sy\/es\/index.php?rest_route=%2Fwp%2Fv2%2Ftags&post=181892"}],"curies":[{"name":"wp","href":"https:\/\/api.w.org\/{rel}","templated":true}]}}