{"id":181937,"date":"2021-05-26T15:20:15","date_gmt":"2021-05-26T12:20:15","guid":{"rendered":"http:\/\/107.6.182.27\/es\/?p=181937"},"modified":"2023-01-10T14:28:34","modified_gmt":"2023-01-10T12:28:34","slug":"patriarca-de-antioquia-y-todo-oriente-para-melquitas-catolicos-y-varios-sacerdotes-votan-en-elecciones-presidenciales","status":"publish","type":"post","link":"https:\/\/archive.sana.sy\/es\/?p=181937","title":{"rendered":"Patriarca de Antioqu\u00eda y todo Oriente para Melquitas Cat\u00f3licos y varios sacerdotes votan en elecciones presidenciales"},"content":{"rendered":"<p style=\"text-align: justify\"><span style=\"color: #800000\">Damasco, SANA<\/span><\/p>\n<p style=\"text-align: justify\">El Patriarca Greco-melquita Cat\u00f3lico de Antioqu\u00eda y Todo Oriente, Yusef al-Absi, vot\u00f3 en las elecciones presidenciales de hoy en el colegio electoral establecido en la escuela Al-Risala en el distrito Bab Sharqi en Damasco.<\/p>\n<p style=\"text-align: justify\">Junto al Patriarca Al-Absi votaron varios arzobispos, sacerdotes y funcionarios del Patriarcado.<\/p>\n<p style=\"text-align: justify\">En una declaraci\u00f3n a SANA, el arzobispo Antoine Musleh dijo que las elecciones presidenciales son un derecho y un deber, espec\u00edficamente en esta etapa crucial, ya que confirman la soberan\u00eda del Estado sirio.<\/p>\n<p style=\"text-align: justify\">Dijo que las elecciones son la esperanza para un mejor futuro de Siria.<\/p>\n<div id='gallery-1' class='gallery galleryid-181937 gallery-columns-1 gallery-size-large'><figure class='gallery-item'>\n\t\t\t<div class='gallery-icon landscape'>\n\t\t\t\t<a href='https:\/\/archive.sana.sy\/es\/wp-content\/uploads\/2021\/05\/photo_2021-05-26_13-41-50-scaled.jpg'><img loading=\"lazy\" decoding=\"async\" width=\"618\" height=\"401\" src=\"https:\/\/archive.sana.sy\/es\/wp-content\/uploads\/2021\/05\/photo_2021-05-26_13-41-50-1024x664.jpg\" class=\"attachment-large size-large\" alt=\"\" srcset=\"https:\/\/archive.sana.sy\/es\/wp-content\/uploads\/2021\/05\/photo_2021-05-26_13-41-50-1024x664.jpg 1024w, https:\/\/archive.sana.sy\/es\/wp-content\/uploads\/2021\/05\/photo_2021-05-26_13-41-50-300x195.jpg 300w, https:\/\/archive.sana.sy\/es\/wp-content\/uploads\/2021\/05\/photo_2021-05-26_13-41-50-150x97.jpg 150w, https:\/\/archive.sana.sy\/es\/wp-content\/uploads\/2021\/05\/photo_2021-05-26_13-41-50-768x498.jpg 768w, https:\/\/archive.sana.sy\/es\/wp-content\/uploads\/2021\/05\/photo_2021-05-26_13-41-50-1536x996.jpg 1536w, https:\/\/archive.sana.sy\/es\/wp-content\/uploads\/2021\/05\/photo_2021-05-26_13-41-50-2048x1328.jpg 2048w\" sizes=\"(max-width: 618px) 100vw, 618px\" \/><\/a>\n\t\t\t<\/div><\/figure><figure class='gallery-item'>\n\t\t\t<div class='gallery-icon landscape'>\n\t\t\t\t<a href='https:\/\/archive.sana.sy\/es\/wp-content\/uploads\/2021\/05\/photo_2021-05-26_13-42-21-scaled.jpg'><img loading=\"lazy\" decoding=\"async\" width=\"618\" height=\"422\" src=\"https:\/\/archive.sana.sy\/es\/wp-content\/uploads\/2021\/05\/photo_2021-05-26_13-42-21-1024x699.jpg\" class=\"attachment-large size-large\" alt=\"\" srcset=\"https:\/\/archive.sana.sy\/es\/wp-content\/uploads\/2021\/05\/photo_2021-05-26_13-42-21-1024x699.jpg 1024w, https:\/\/archive.sana.sy\/es\/wp-content\/uploads\/2021\/05\/photo_2021-05-26_13-42-21-300x205.jpg 300w, https:\/\/archive.sana.sy\/es\/wp-content\/uploads\/2021\/05\/photo_2021-05-26_13-42-21-150x102.jpg 150w, https:\/\/archive.sana.sy\/es\/wp-content\/uploads\/2021\/05\/photo_2021-05-26_13-42-21-768x524.jpg 768w, https:\/\/archive.sana.sy\/es\/wp-content\/uploads\/2021\/05\/photo_2021-05-26_13-42-21-1536x1048.jpg 1536w, https:\/\/archive.sana.sy\/es\/wp-content\/uploads\/2021\/05\/photo_2021-05-26_13-42-21-2048x1397.jpg 2048w, https:\/\/archive.sana.sy\/es\/wp-content\/uploads\/2021\/05\/photo_2021-05-26_13-42-21-110x75.jpg 110w\" sizes=\"(max-width: 618px) 100vw, 618px\" \/><\/a>\n\t\t\t<\/div><\/figure><figure class='gallery-item'>\n\t\t\t<div class='gallery-icon landscape'>\n\t\t\t\t<a href='https:\/\/archive.sana.sy\/es\/wp-content\/uploads\/2021\/05\/photo_2021-05-26_13-42-36-scaled.jpg'><img loading=\"lazy\" decoding=\"async\" width=\"618\" height=\"397\" src=\"https:\/\/archive.sana.sy\/es\/wp-content\/uploads\/2021\/05\/photo_2021-05-26_13-42-36-1024x657.jpg\" class=\"attachment-large size-large\" alt=\"\" srcset=\"https:\/\/archive.sana.sy\/es\/wp-content\/uploads\/2021\/05\/photo_2021-05-26_13-42-36-1024x657.jpg 1024w, https:\/\/archive.sana.sy\/es\/wp-content\/uploads\/2021\/05\/photo_2021-05-26_13-42-36-300x193.jpg 300w, https:\/\/archive.sana.sy\/es\/wp-content\/uploads\/2021\/05\/photo_2021-05-26_13-42-36-150x96.jpg 150w, https:\/\/archive.sana.sy\/es\/wp-content\/uploads\/2021\/05\/photo_2021-05-26_13-42-36-768x493.jpg 768w, https:\/\/archive.sana.sy\/es\/wp-content\/uploads\/2021\/05\/photo_2021-05-26_13-42-36-1536x986.jpg 1536w, https:\/\/archive.sana.sy\/es\/wp-content\/uploads\/2021\/05\/photo_2021-05-26_13-42-36-2048x1314.jpg 2048w\" sizes=\"(max-width: 618px) 100vw, 618px\" \/><\/a>\n\t\t\t<\/div><\/figure><figure class='gallery-item'>\n\t\t\t<div class='gallery-icon landscape'>\n\t\t\t\t<a href='https:\/\/archive.sana.sy\/es\/wp-content\/uploads\/2021\/05\/photo_2021-05-26_13-42-39-scaled.jpg'><img loading=\"lazy\" decoding=\"async\" width=\"618\" height=\"391\" src=\"https:\/\/archive.sana.sy\/es\/wp-content\/uploads\/2021\/05\/photo_2021-05-26_13-42-39-1024x648.jpg\" class=\"attachment-large size-large\" alt=\"\" srcset=\"https:\/\/archive.sana.sy\/es\/wp-content\/uploads\/2021\/05\/photo_2021-05-26_13-42-39-1024x648.jpg 1024w, https:\/\/archive.sana.sy\/es\/wp-content\/uploads\/2021\/05\/photo_2021-05-26_13-42-39-300x190.jpg 300w, https:\/\/archive.sana.sy\/es\/wp-content\/uploads\/2021\/05\/photo_2021-05-26_13-42-39-150x95.jpg 150w, https:\/\/archive.sana.sy\/es\/wp-content\/uploads\/2021\/05\/photo_2021-05-26_13-42-39-768x486.jpg 768w, https:\/\/archive.sana.sy\/es\/wp-content\/uploads\/2021\/05\/photo_2021-05-26_13-42-39-1536x972.jpg 1536w, https:\/\/archive.sana.sy\/es\/wp-content\/uploads\/2021\/05\/photo_2021-05-26_13-42-39-2048x1297.jpg 2048w\" sizes=\"(max-width: 618px) 100vw, 618px\" \/><\/a>\n\t\t\t<\/div><\/figure><figure class='gallery-item'>\n\t\t\t<div class='gallery-icon landscape'>\n\t\t\t\t<a href='https:\/\/archive.sana.sy\/es\/wp-content\/uploads\/2021\/05\/photo_2021-05-26_13-42-44-scaled.jpg'><img loading=\"lazy\" decoding=\"async\" width=\"618\" height=\"415\" src=\"https:\/\/archive.sana.sy\/es\/wp-content\/uploads\/2021\/05\/photo_2021-05-26_13-42-44-1024x688.jpg\" class=\"attachment-large size-large\" alt=\"\" srcset=\"https:\/\/archive.sana.sy\/es\/wp-content\/uploads\/2021\/05\/photo_2021-05-26_13-42-44-1024x688.jpg 1024w, https:\/\/archive.sana.sy\/es\/wp-content\/uploads\/2021\/05\/photo_2021-05-26_13-42-44-300x202.jpg 300w, https:\/\/archive.sana.sy\/es\/wp-content\/uploads\/2021\/05\/photo_2021-05-26_13-42-44-150x101.jpg 150w, https:\/\/archive.sana.sy\/es\/wp-content\/uploads\/2021\/05\/photo_2021-05-26_13-42-44-768x516.jpg 768w, https:\/\/archive.sana.sy\/es\/wp-content\/uploads\/2021\/05\/photo_2021-05-26_13-42-44-1536x1033.jpg 1536w, https:\/\/archive.sana.sy\/es\/wp-content\/uploads\/2021\/05\/photo_2021-05-26_13-42-44-2048x1377.jpg 2048w, https:\/\/archive.sana.sy\/es\/wp-content\/uploads\/2021\/05\/photo_2021-05-26_13-42-44-110x75.jpg 110w\" sizes=\"(max-width: 618px) 100vw, 618px\" \/><\/a>\n\t\t\t<\/div><\/figure>\n\t\t<\/div>\n\n<p style=\"text-align: justify\">\n<span style=\"color: #0000ff\"><em><strong>fm\/la<\/strong><\/em><\/span><\/p>\n<p>&nbsp;<\/p>\n","protected":false},"excerpt":{"rendered":"<p>Damasco, SANA El Patriarca Greco-melquita Cat\u00f3lico de Antioqu\u00eda y Todo Oriente, Yusef al-Absi, vot\u00f3 en las elecciones presidenciales de hoy en el colegio electoral establecido en la escuela Al-Risala en el distrito Bab Sharqi en Damasco. Junto al Patriarca Al-Absi votaron varios arzobispos, sacerdotes y funcionarios del Patriarcado. En una declaraci\u00f3n a SANA, el arzobispo &hellip;<\/p>\n","protected":false},"author":24,"featured_media":181938,"comment_status":"closed","ping_status":"closed","sticky":false,"template":"","format":"standard","meta":{"footnotes":""},"categories":[447,597,476,7541],"tags":[],"class_list":["post-181937","post","type-post","status-publish","format-standard","has-post-thumbnail","","category-local-politica","category-cinta-de-noticias","category-locales","category-ultimas-noticias"],"_links":{"self":[{"href":"https:\/\/archive.sana.sy\/es\/index.php?rest_route=\/wp\/v2\/posts\/181937"}],"collection":[{"href":"https:\/\/archive.sana.sy\/es\/index.php?rest_route=\/wp\/v2\/posts"}],"about":[{"href":"https:\/\/archive.sana.sy\/es\/index.php?rest_route=\/wp\/v2\/types\/post"}],"author":[{"embeddable":true,"href":"https:\/\/archive.sana.sy\/es\/index.php?rest_route=\/wp\/v2\/users\/24"}],"replies":[{"embeddable":true,"href":"https:\/\/archive.sana.sy\/es\/index.php?rest_route=%2Fwp%2Fv2%2Fcomments&post=181937"}],"version-history":[{"count":0,"href":"https:\/\/archive.sana.sy\/es\/index.php?rest_route=\/wp\/v2\/posts\/181937\/revisions"}],"wp:featuredmedia":[{"embeddable":true,"href":"https:\/\/archive.sana.sy\/es\/index.php?rest_route=\/wp\/v2\/media\/181938"}],"wp:attachment":[{"href":"https:\/\/archive.sana.sy\/es\/index.php?rest_route=%2Fwp%2Fv2%2Fmedia&parent=181937"}],"wp:term":[{"taxonomy":"category","embeddable":true,"href":"https:\/\/archive.sana.sy\/es\/index.php?rest_route=%2Fwp%2Fv2%2Fcategories&post=181937"},{"taxonomy":"post_tag","embeddable":true,"href":"https:\/\/archive.sana.sy\/es\/index.php?rest_route=%2Fwp%2Fv2%2Ftags&post=181937"}],"curies":[{"name":"wp","href":"https:\/\/api.w.org\/{rel}","templated":true}]}}