{"id":181982,"date":"2021-05-26T20:37:07","date_gmt":"2021-05-26T17:37:07","guid":{"rendered":"http:\/\/107.6.182.27\/es\/?p=181982"},"modified":"2021-05-26T20:37:07","modified_gmt":"2021-05-26T17:37:07","slug":"jaafari-elecciones-presidenciales-reprendan-una-decision-nacional-independiente-y-un-derecho-constitucional","status":"publish","type":"post","link":"https:\/\/archive.sana.sy\/es\/?p=181982","title":{"rendered":"Jaafari: Elecciones presidenciales reprendan una decisi\u00f3n nacional independiente y un derecho constitucional"},"content":{"rendered":"<p><span style=\"color: #800000;\">Damasco, SANA<\/span><\/p>\n<p style=\"text-align: justify;\">El viceministro de Relaciones Exteriores y Expatriados, Bashar al-Jaafari, afirm\u00f3 que la celebraci\u00f3n de las elecciones presidenciales en la fecha especificada es una decisi\u00f3n nacional independiente y un derecho constitucional que no est\u00e1 sujeto a presiones externas y chantajes.<\/p>\n<p style=\"text-align: justify;\">Durante su reuni\u00f3n de hoy con una delegaci\u00f3n de analistas pol\u00edticos y periodistas egipcios que est\u00e1n visitando Siria para asistir al proceso de las elecciones presidenciales, al-Jaafari afirm\u00f3 que lo que est\u00e1 presenciando este proceso es una afirmaci\u00f3n de la adhesi\u00f3n de Siria a su decisi\u00f3n nacional independiente , y su el rechazo a todos los intentos de las fuerzas hostiles a Siria de socavar su independencia y soberan\u00eda, asimismo, el alto diplom\u00e1tico sirio expres\u00f3 su agradecimiento a la delegaci\u00f3n egipcia por su participaci\u00f3n, se\u00f1alando la importancia de su presencia.<\/p>\n<p style=\"text-align: justify;\">Por su parte, los miembros de la delegaci\u00f3n elogiaron el ambiente democr\u00e1tico que vieron en este proceso constitucional nacional, destacando que Siria siempre ha tenido y seguir\u00e1 teniendo un papel importante en la pol\u00edtica regional e internacional.<\/p>\n<p style=\"text-align: justify;\">Adem\u00e1s, destacaron su confianza en que Siria lograr\u00e1 practicar su vida pol\u00edtica independiente, se\u00f1alando que el pueblo egipcio siempre est\u00e1 con sus hermanos sirios y rechaza todo el injusto asedio impuesto a Siria.<\/p>\n<p><em>mm<\/em><\/p>\n","protected":false},"excerpt":{"rendered":"<p>Damasco, SANA El viceministro de Relaciones Exteriores y Expatriados, Bashar al-Jaafari, afirm\u00f3 que la celebraci\u00f3n de las elecciones presidenciales en la fecha especificada es una decisi\u00f3n nacional independiente y un derecho constitucional que no est\u00e1 sujeto a presiones externas y chantajes. Durante su reuni\u00f3n de hoy con una delegaci\u00f3n de analistas pol\u00edticos y periodistas egipcios &hellip;<\/p>\n","protected":false},"author":36,"featured_media":181983,"comment_status":"closed","ping_status":"closed","sticky":false,"template":"","format":"standard","meta":{"footnotes":""},"categories":[597,476],"tags":[],"class_list":["post-181982","post","type-post","status-publish","format-standard","has-post-thumbnail","","category-cinta-de-noticias","category-locales"],"_links":{"self":[{"href":"https:\/\/archive.sana.sy\/es\/index.php?rest_route=\/wp\/v2\/posts\/181982"}],"collection":[{"href":"https:\/\/archive.sana.sy\/es\/index.php?rest_route=\/wp\/v2\/posts"}],"about":[{"href":"https:\/\/archive.sana.sy\/es\/index.php?rest_route=\/wp\/v2\/types\/post"}],"author":[{"embeddable":true,"href":"https:\/\/archive.sana.sy\/es\/index.php?rest_route=\/wp\/v2\/users\/36"}],"replies":[{"embeddable":true,"href":"https:\/\/archive.sana.sy\/es\/index.php?rest_route=%2Fwp%2Fv2%2Fcomments&post=181982"}],"version-history":[{"count":0,"href":"https:\/\/archive.sana.sy\/es\/index.php?rest_route=\/wp\/v2\/posts\/181982\/revisions"}],"wp:featuredmedia":[{"embeddable":true,"href":"https:\/\/archive.sana.sy\/es\/index.php?rest_route=\/wp\/v2\/media\/181983"}],"wp:attachment":[{"href":"https:\/\/archive.sana.sy\/es\/index.php?rest_route=%2Fwp%2Fv2%2Fmedia&parent=181982"}],"wp:term":[{"taxonomy":"category","embeddable":true,"href":"https:\/\/archive.sana.sy\/es\/index.php?rest_route=%2Fwp%2Fv2%2Fcategories&post=181982"},{"taxonomy":"post_tag","embeddable":true,"href":"https:\/\/archive.sana.sy\/es\/index.php?rest_route=%2Fwp%2Fv2%2Ftags&post=181982"}],"curies":[{"name":"wp","href":"https:\/\/api.w.org\/{rel}","templated":true}]}}