{"id":181985,"date":"2021-05-26T20:42:36","date_gmt":"2021-05-26T17:42:36","guid":{"rendered":"http:\/\/107.6.182.27\/es\/?p=181985"},"modified":"2021-05-26T22:57:17","modified_gmt":"2021-05-26T19:57:17","slug":"celebracion-de-las-presidenciales-contribuye-a-restablecer-la-seguridad-en-siria-afirma-embajador-sabbagh","status":"publish","type":"post","link":"https:\/\/archive.sana.sy\/es\/?p=181985","title":{"rendered":"Celebraci\u00f3n de las presidenciales contribuye a restablecer la seguridad en Siria, afirma Damasco ante la ONU"},"content":{"rendered":"<p style=\"text-align: justify;\"><span style=\"color: #800000;\">Nueva York, SANA<\/span><\/p>\n<p style=\"text-align: justify;\">El Embajador de Siria ante las Naciones Unidas, Bassam Sabbagh, afirm\u00f3 que la amplia participaci\u00f3n de los sirios en las elecciones presidenciales, tanto en el extranjero como dentro del pa\u00eds, demuestra su apego a la independencia y unidad de su patria y su negativa a someterse a cualquier presi\u00f3n o chantaje.<\/p>\n<p style=\"text-align: justify;\">En su intervenci\u00f3n durante una sesi\u00f3n telem\u00e1tica del Consejo de Seguridad, Sabbagh asever\u00f3 que la celebraci\u00f3n de los comicios en su fecha constitucional contribuye a restablecer la seguridad y la estabilidad en el pa\u00eds, preservar su decisi\u00f3n soberana, y superar el impacto de la guerra terrorista librada contra Siria desde hace m\u00e1s de diez a\u00f1os.<\/p>\n<p style=\"text-align: justify;\">Dirigi\u00f3 un llamado a algunos pa\u00edses occidentales para que respeten el derecho del pueblo sirio a la autodeterminaci\u00f3n y que pongan fin a sus pol\u00edticas hostiles y apoyen los esfuerzos del Estado sirio y sus instituciones encaminados a salir de la crisis y recuperar la seguridad en el pa\u00eds.<\/p>\n<p style=\"text-align: justify;\">Denunci\u00f3 que algunos pa\u00edses europeos amenazaron con la expulsi\u00f3n y persecuci\u00f3n de los sirios que acudieron a los centros de votaci\u00f3n en las embajadas sirias, y enfatiz\u00f3 que estas declaraciones vac\u00edas no lograr\u00e1n intimidar al pueblo sirio quien seguir\u00e1 adelante en la guerra contra el terrorismo y las injerencias extranjeras.<\/p>\n<p style=\"text-align: justify;\"><span style=\"color: #0000ff;\"><em><strong>la\/fm<\/strong><\/em><\/span><\/p>\n","protected":false},"excerpt":{"rendered":"<p>Nueva York, SANA El Embajador de Siria ante las Naciones Unidas, Bassam Sabbagh, afirm\u00f3 que la amplia participaci\u00f3n de los sirios en las elecciones presidenciales, tanto en el extranjero como dentro del pa\u00eds, demuestra su apego a la independencia y unidad de su patria y su negativa a someterse a cualquier presi\u00f3n o chantaje. En &hellip;<\/p>\n","protected":false},"author":24,"featured_media":181986,"comment_status":"closed","ping_status":"closed","sticky":false,"template":"","format":"standard","meta":{"footnotes":""},"categories":[597,467,7541],"tags":[],"class_list":["post-181985","post","type-post","status-publish","format-standard","has-post-thumbnail","","category-cinta-de-noticias","category-siria-y-el-mundo","category-ultimas-noticias"],"_links":{"self":[{"href":"https:\/\/archive.sana.sy\/es\/index.php?rest_route=\/wp\/v2\/posts\/181985"}],"collection":[{"href":"https:\/\/archive.sana.sy\/es\/index.php?rest_route=\/wp\/v2\/posts"}],"about":[{"href":"https:\/\/archive.sana.sy\/es\/index.php?rest_route=\/wp\/v2\/types\/post"}],"author":[{"embeddable":true,"href":"https:\/\/archive.sana.sy\/es\/index.php?rest_route=\/wp\/v2\/users\/24"}],"replies":[{"embeddable":true,"href":"https:\/\/archive.sana.sy\/es\/index.php?rest_route=%2Fwp%2Fv2%2Fcomments&post=181985"}],"version-history":[{"count":0,"href":"https:\/\/archive.sana.sy\/es\/index.php?rest_route=\/wp\/v2\/posts\/181985\/revisions"}],"wp:featuredmedia":[{"embeddable":true,"href":"https:\/\/archive.sana.sy\/es\/index.php?rest_route=\/wp\/v2\/media\/181986"}],"wp:attachment":[{"href":"https:\/\/archive.sana.sy\/es\/index.php?rest_route=%2Fwp%2Fv2%2Fmedia&parent=181985"}],"wp:term":[{"taxonomy":"category","embeddable":true,"href":"https:\/\/archive.sana.sy\/es\/index.php?rest_route=%2Fwp%2Fv2%2Fcategories&post=181985"},{"taxonomy":"post_tag","embeddable":true,"href":"https:\/\/archive.sana.sy\/es\/index.php?rest_route=%2Fwp%2Fv2%2Ftags&post=181985"}],"curies":[{"name":"wp","href":"https:\/\/api.w.org\/{rel}","templated":true}]}}