{"id":182007,"date":"2021-05-26T21:16:28","date_gmt":"2021-05-26T18:16:28","guid":{"rendered":"http:\/\/107.6.182.27\/es\/?p=182007"},"modified":"2021-05-26T22:48:37","modified_gmt":"2021-05-26T19:48:37","slug":"periodista-frances-los-sirios-ejercen-su-derecho-al-voto-libremente","status":"publish","type":"post","link":"https:\/\/archive.sana.sy\/es\/?p=182007","title":{"rendered":"Periodista franc\u00e9s: los sirios ejercen su derecho al voto libremente"},"content":{"rendered":"<p><span style=\"color: #800000;\">Damasco, SANA<\/span><\/p>\n<p style=\"text-align: justify;\">&#8220;Hemos visto en Siria una libertad absoluta, y cada sirio eligi\u00f3 a su candidato sin ninguna presi\u00f3n de nadie&#8221;,as\u00ed lo expres\u00f3 el periodista franc\u00e9s Eric Lef\u00e9vre, que actualmente se encuentra de visita en Damasco para cubrir las elecciones presidenciales.<\/p>\n<p style=\"text-align: justify;\">El periodista franc\u00e9s agreg\u00f3 que est\u00e1 en proceso de elaborar informes de prensa que transmitan la imagen real de lo que est\u00e1 sucediendo sobre el terreno sirio\u00a0 a la opini\u00f3n p\u00fablica mundial.<\/p>\n<p style=\"text-align: justify;\">En declaraciones a SANA desde el centro electoral de la escuela de Educaci\u00f3n B\u00e1sica del\u00a0 M\u00e1rtir Ahmed Omri, ubicada\u00a0 en el distrito de Rukn al-Din en Damasco, Lef\u00e9vre confirm\u00f3 que el proceso electoral avanza de manera flexible, regular y justa, indicando que ha visto muchos ciudadanos eligiendo libremente a su candidato presidencial.<\/p>\n<p><em>mm<\/em><\/p>\n","protected":false},"excerpt":{"rendered":"<p>Damasco, SANA &#8220;Hemos visto en Siria una libertad absoluta, y cada sirio eligi\u00f3 a su candidato sin ninguna presi\u00f3n de nadie&#8221;,as\u00ed lo expres\u00f3 el periodista franc\u00e9s Eric Lef\u00e9vre, que actualmente se encuentra de visita en Damasco para cubrir las elecciones presidenciales. El periodista franc\u00e9s agreg\u00f3 que est\u00e1 en proceso de elaborar informes de prensa que &hellip;<\/p>\n","protected":false},"author":36,"featured_media":182008,"comment_status":"closed","ping_status":"closed","sticky":false,"template":"","format":"standard","meta":{"footnotes":""},"categories":[597,467],"tags":[],"class_list":["post-182007","post","type-post","status-publish","format-standard","has-post-thumbnail","","category-cinta-de-noticias","category-siria-y-el-mundo"],"_links":{"self":[{"href":"https:\/\/archive.sana.sy\/es\/index.php?rest_route=\/wp\/v2\/posts\/182007"}],"collection":[{"href":"https:\/\/archive.sana.sy\/es\/index.php?rest_route=\/wp\/v2\/posts"}],"about":[{"href":"https:\/\/archive.sana.sy\/es\/index.php?rest_route=\/wp\/v2\/types\/post"}],"author":[{"embeddable":true,"href":"https:\/\/archive.sana.sy\/es\/index.php?rest_route=\/wp\/v2\/users\/36"}],"replies":[{"embeddable":true,"href":"https:\/\/archive.sana.sy\/es\/index.php?rest_route=%2Fwp%2Fv2%2Fcomments&post=182007"}],"version-history":[{"count":0,"href":"https:\/\/archive.sana.sy\/es\/index.php?rest_route=\/wp\/v2\/posts\/182007\/revisions"}],"wp:featuredmedia":[{"embeddable":true,"href":"https:\/\/archive.sana.sy\/es\/index.php?rest_route=\/wp\/v2\/media\/182008"}],"wp:attachment":[{"href":"https:\/\/archive.sana.sy\/es\/index.php?rest_route=%2Fwp%2Fv2%2Fmedia&parent=182007"}],"wp:term":[{"taxonomy":"category","embeddable":true,"href":"https:\/\/archive.sana.sy\/es\/index.php?rest_route=%2Fwp%2Fv2%2Fcategories&post=182007"},{"taxonomy":"post_tag","embeddable":true,"href":"https:\/\/archive.sana.sy\/es\/index.php?rest_route=%2Fwp%2Fv2%2Ftags&post=182007"}],"curies":[{"name":"wp","href":"https:\/\/api.w.org\/{rel}","templated":true}]}}