{"id":182192,"date":"2021-05-27T15:34:18","date_gmt":"2021-05-27T12:34:18","guid":{"rendered":"http:\/\/107.6.182.27\/es\/?p=182192"},"modified":"2021-05-27T15:34:18","modified_gmt":"2021-05-27T12:34:18","slug":"golaneses-elogian-la-celebracion-de-las-elecciones-presidenciales-en-su-fecha","status":"publish","type":"post","link":"https:\/\/archive.sana.sy\/es\/?p=182192","title":{"rendered":"Gol\u00e1neses elogian la celebraci\u00f3n de las elecciones presidenciales en su fecha"},"content":{"rendered":"<p style=\"text-align: justify;\"><span style=\"color: #800000;\"><strong>Gol\u00e1n ocupado, SANA<\/strong><\/span><\/p>\n<p style=\"text-align: justify;\">Los hijos del Gol\u00e1n sirio ocupado reiteraron que la celebraci\u00f3n de las elecciones presidenciales forma una nueva victoria para Siria contra sus enemigos.<\/p>\n<p style=\"text-align: justify;\">En apoyo a las elecciones presidenciales los golaneses organizaron en la v\u00edspera una manifestaci\u00f3n en coches que recorri\u00f3 todas las localidades y pueblos del Gol\u00e1n ocupado.<\/p>\n<p style=\"text-align: justify;\">Los manifestantes reafirmaron su apego a la identidad \u00e1rabe siria, e indicaron que forman una parte genuina de la Rep\u00fablica \u00c1rabe Siria y respaldan al presidente que elijan los sirios.<\/p>\n<p style=\"text-align: justify;\">Destacaron que la celebraci\u00f3n de las elecciones en sus plazos constitucionales, adem\u00e1s de ser un ejercicio de la soberan\u00eda, representa, al cabo de 10 a\u00f1os de guerra, un signo de recuperaci\u00f3n para Siria y la mayor victoria sobre la agresi\u00f3n.<\/p>\n<p style=\"text-align: justify;\">El pueblo del Gol\u00e1n ocupado se\u00f1al\u00f3 que los ciudadanos sirios confirmaron, a trav\u00e9s de su masiva participaci\u00f3n en las elecciones, que contin\u00faan lidiando con las conspiraciones que se est\u00e1n tramando contra la patria y que la historia registrar\u00e1 epopeyas de hero\u00edsmo escritas por los sirios.<\/p>\n<p style=\"text-align: justify;\"><span style=\"color: #0000ff;\"><strong>ah\/rsh<\/strong><\/span><\/p>\n","protected":false},"excerpt":{"rendered":"<p>Gol\u00e1n ocupado, SANA Los hijos del Gol\u00e1n sirio ocupado reiteraron que la celebraci\u00f3n de las elecciones presidenciales forma una nueva victoria para Siria contra sus enemigos. En apoyo a las elecciones presidenciales los golaneses organizaron en la v\u00edspera una manifestaci\u00f3n en coches que recorri\u00f3 todas las localidades y pueblos del Gol\u00e1n ocupado. Los manifestantes reafirmaron &hellip;<\/p>\n","protected":false},"author":30,"featured_media":182193,"comment_status":"closed","ping_status":"closed","sticky":false,"template":"","format":"standard","meta":{"footnotes":""},"categories":[597,476,7541],"tags":[19112],"class_list":["post-182192","post","type-post","status-publish","format-standard","has-post-thumbnail","","category-cinta-de-noticias","category-locales","category-ultimas-noticias","tag-golaneses-elogian-la-celebracion-de-las-elecciones-presidenciales-en-su-fecha"],"_links":{"self":[{"href":"https:\/\/archive.sana.sy\/es\/index.php?rest_route=\/wp\/v2\/posts\/182192"}],"collection":[{"href":"https:\/\/archive.sana.sy\/es\/index.php?rest_route=\/wp\/v2\/posts"}],"about":[{"href":"https:\/\/archive.sana.sy\/es\/index.php?rest_route=\/wp\/v2\/types\/post"}],"author":[{"embeddable":true,"href":"https:\/\/archive.sana.sy\/es\/index.php?rest_route=\/wp\/v2\/users\/30"}],"replies":[{"embeddable":true,"href":"https:\/\/archive.sana.sy\/es\/index.php?rest_route=%2Fwp%2Fv2%2Fcomments&post=182192"}],"version-history":[{"count":0,"href":"https:\/\/archive.sana.sy\/es\/index.php?rest_route=\/wp\/v2\/posts\/182192\/revisions"}],"wp:featuredmedia":[{"embeddable":true,"href":"https:\/\/archive.sana.sy\/es\/index.php?rest_route=\/wp\/v2\/media\/182193"}],"wp:attachment":[{"href":"https:\/\/archive.sana.sy\/es\/index.php?rest_route=%2Fwp%2Fv2%2Fmedia&parent=182192"}],"wp:term":[{"taxonomy":"category","embeddable":true,"href":"https:\/\/archive.sana.sy\/es\/index.php?rest_route=%2Fwp%2Fv2%2Fcategories&post=182192"},{"taxonomy":"post_tag","embeddable":true,"href":"https:\/\/archive.sana.sy\/es\/index.php?rest_route=%2Fwp%2Fv2%2Ftags&post=182192"}],"curies":[{"name":"wp","href":"https:\/\/api.w.org\/{rel}","templated":true}]}}