{"id":182200,"date":"2021-05-27T17:14:55","date_gmt":"2021-05-27T14:14:55","guid":{"rendered":"http:\/\/107.6.182.27\/es\/?p=182200"},"modified":"2021-05-27T21:46:10","modified_gmt":"2021-05-27T18:46:10","slug":"obispo-hanna-las-elecciones-presidenciales-reflejan-el-apego-de-los-sirios-a-su-patria","status":"publish","type":"post","link":"https:\/\/archive.sana.sy\/es\/?p=182200","title":{"rendered":"Obispo Hanna: las elecciones presidenciales reflejan el apego de los sirios a su patria"},"content":{"rendered":"<p style=\"text-align: justify;\"><span style=\"color: #800000;\"><strong>Jerusal\u00e9n ocupada, SANA<\/strong><\/span><\/p>\n<p style=\"text-align: justify;\">El arzobispo de Sebast\u00eda para los griegos ortodoxos, Atallah Hanna, afirm\u00f3 que celebrar las elecciones presidenciales sirias a su fecha es un mensaje al mundo de que los sirios se aferran a su patria.<\/p>\n<p style=\"text-align: justify;\">&#8220;La concurrencia de los sirios a las urnas para decir s\u00ed a la orgullosa, firme y victoriosa Siria que defiende las causas de la naci\u00f3n, ante todo la cuesti\u00f3n de Palestina, env\u00eda un mensaje al mundo de su compromiso con la patria y sus causas\u201d, dijo hoy el obispo Hanna en un comunicado.<\/p>\n<p style=\"text-align: justify;\">El obispo explic\u00f3 que quienes conspiraron y trataron de destruir a Siria, aterrorizar y desplazar a sus hijos fueron aquellos que conspiraron contra Palestina y trataron de robar la ocupada ciudad de Jerusal\u00e9n, hurtarla de sus hijos y liquidar la causa palestina.<\/p>\n<p style=\"text-align: justify;\">El obispo Hanna salud\u00f3 al pueblo sirio, a su liderazgo y al ej\u00e9rcito \u00e1rabe sirio, que hizo frente a la conspiraci\u00f3n c\u00f3smica contra Siria.<\/p>\n<p style=\"text-align: justify;\">Expres\u00f3 su esperanza de que los dos obispos, Paul Yazji, y Juan Ibrahim, secuestrados por grupos terroristas en el campo de Alepo hace nueve a\u00f1os regresen y dijo: &#8220;Oramos por el regreso de los obispos sirios y por todos los secuestrados y todos los que sufrieron por la guerra librada contra Siria&#8221;.<\/p>\n<p style=\"text-align: justify;\"><span style=\"color: #0000ff;\"><strong>ah\/rsh<\/strong><\/span><\/p>\n","protected":false},"excerpt":{"rendered":"<p>Jerusal\u00e9n ocupada, SANA El arzobispo de Sebast\u00eda para los griegos ortodoxos, Atallah Hanna, afirm\u00f3 que celebrar las elecciones presidenciales sirias a su fecha es un mensaje al mundo de que los sirios se aferran a su patria. &#8220;La concurrencia de los sirios a las urnas para decir s\u00ed a la orgullosa, firme y victoriosa Siria &hellip;<\/p>\n","protected":false},"author":30,"featured_media":182201,"comment_status":"closed","ping_status":"closed","sticky":false,"template":"","format":"standard","meta":{"footnotes":""},"categories":[597,19009,467],"tags":[19113],"class_list":["post-182200","post","type-post","status-publish","format-standard","has-post-thumbnail","","category-cinta-de-noticias","category-elecciones-presidenciales-2021","category-siria-y-el-mundo","tag-obispo-hanna-las-elecciones-presidenciales-reflejan-el-apego-de-los-sirios-a-su-patria"],"_links":{"self":[{"href":"https:\/\/archive.sana.sy\/es\/index.php?rest_route=\/wp\/v2\/posts\/182200"}],"collection":[{"href":"https:\/\/archive.sana.sy\/es\/index.php?rest_route=\/wp\/v2\/posts"}],"about":[{"href":"https:\/\/archive.sana.sy\/es\/index.php?rest_route=\/wp\/v2\/types\/post"}],"author":[{"embeddable":true,"href":"https:\/\/archive.sana.sy\/es\/index.php?rest_route=\/wp\/v2\/users\/30"}],"replies":[{"embeddable":true,"href":"https:\/\/archive.sana.sy\/es\/index.php?rest_route=%2Fwp%2Fv2%2Fcomments&post=182200"}],"version-history":[{"count":0,"href":"https:\/\/archive.sana.sy\/es\/index.php?rest_route=\/wp\/v2\/posts\/182200\/revisions"}],"wp:featuredmedia":[{"embeddable":true,"href":"https:\/\/archive.sana.sy\/es\/index.php?rest_route=\/wp\/v2\/media\/182201"}],"wp:attachment":[{"href":"https:\/\/archive.sana.sy\/es\/index.php?rest_route=%2Fwp%2Fv2%2Fmedia&parent=182200"}],"wp:term":[{"taxonomy":"category","embeddable":true,"href":"https:\/\/archive.sana.sy\/es\/index.php?rest_route=%2Fwp%2Fv2%2Fcategories&post=182200"},{"taxonomy":"post_tag","embeddable":true,"href":"https:\/\/archive.sana.sy\/es\/index.php?rest_route=%2Fwp%2Fv2%2Ftags&post=182200"}],"curies":[{"name":"wp","href":"https:\/\/api.w.org\/{rel}","templated":true}]}}