{"id":182203,"date":"2021-05-27T18:19:27","date_gmt":"2021-05-27T15:19:27","guid":{"rendered":"http:\/\/107.6.182.27\/es\/?p=182203"},"modified":"2021-05-27T18:22:32","modified_gmt":"2021-05-27T15:22:32","slug":"los-ultimos-desarrollos-en-palestina-ocupada-revelaron-el-racismo-de-la-entidad-ocupante-afirma-al-mekdad","status":"publish","type":"post","link":"https:\/\/archive.sana.sy\/es\/?p=182203","title":{"rendered":"Los \u00faltimos desarrollos en Palestina ocupada revelaron el racismo de la entidad ocupante, afirma al-Mekdad"},"content":{"rendered":"<p style=\"text-align: justify;\"><span style=\"color: #800000;\"><strong>Damasco, SANA<\/strong><\/span><\/p>\n<p style=\"text-align: justify;\">El Ministro de Exteriores y Expatriados, Faisal al-Mekdad asever\u00f3 que los \u00faltimos desarrollos en los territorios palestinos ocupados revelaron el racismo de la entidad de ocupaci\u00f3n israel\u00ed que se beneficia del apoyo estadounidense y occidental a sus pr\u00e1cticas que constituyen violaciones codificadas a la Ley Internacional.<\/p>\n<p style=\"text-align: justify;\">Durante su discurso en videoconferencia durante la 30\u00aa sesi\u00f3n extraordinaria del Consejo de Derechos Humanos sobre la grave situaci\u00f3n de los derechos humanos en los territorios palestinos ocupados incluida Jerusal\u00e9n ocupada, al-Mekdad destac\u00f3 que poner fin al sufrimiento del pueblo palestino y los ciudadanos sirios en el Gol\u00e1n sirio ocupado y lograr la paz justa en la regi\u00f3n requiere poner fin a la ocupaci\u00f3n israel\u00ed.<\/p>\n<p style=\"text-align: justify;\">&#8220;El CDH deber\u00eda debatir los \u00faltimos cr\u00edmenes israel\u00edes y averiguamos hasta qu\u00e9 punto la ocupaci\u00f3n israel\u00ed ser\u00e1 obligada a cumplir con el derecho internacional y cientos de resoluciones emitidas por las Naciones Unidas y rendirle cuentas por sus cr\u00edmenes contra el pueblo palestino y sus violaciones sistem\u00e1ticas de los derechos humanos\u201d, dijo.<\/p>\n<p style=\"text-align: justify;\">El canciller se\u00f1al\u00f3 que los recientes actos, que coincidieron con el 73 aniversario de la Nakba, revel\u00f3 el car\u00e1cter racista de la ocupaci\u00f3n israel\u00ed y expuso sus pr\u00e1cticas basadas en la agresi\u00f3n, la colonizaci\u00f3n, el desplazamiento forzado de los palestinos de sus tierras, la demolici\u00f3n de sus hogares de acuerdo con los planes de judaizaci\u00f3n dirigidos a los barrios \u00e1rabes y los santuarios musulmanes y cristianos en Jerusal\u00e9n, aprovechando el apoyo estadounidense y occidental a estas pr\u00e1cticas, que constituyen violaciones codificadas en el derecho internacional, ilustra esto la barbarie de Israel contra la Franja de Gaza que ha llevado a la destrucci\u00f3n generalizada de la infraestructura civil.<\/p>\n<p style=\"text-align: justify;\"><span style=\"color: #0000ff;\"><strong>ah\/rsh<\/strong><\/span><\/p>\n","protected":false},"excerpt":{"rendered":"<p>Damasco, SANA El Ministro de Exteriores y Expatriados, Faisal al-Mekdad asever\u00f3 que los \u00faltimos desarrollos en los territorios palestinos ocupados revelaron el racismo de la entidad de ocupaci\u00f3n israel\u00ed que se beneficia del apoyo estadounidense y occidental a sus pr\u00e1cticas que constituyen violaciones codificadas a la Ley Internacional. Durante su discurso en videoconferencia durante la &hellip;<\/p>\n","protected":false},"author":30,"featured_media":182204,"comment_status":"closed","ping_status":"closed","sticky":false,"template":"","format":"standard","meta":{"footnotes":""},"categories":[597,476,7541],"tags":[19114],"class_list":["post-182203","post","type-post","status-publish","format-standard","has-post-thumbnail","","category-cinta-de-noticias","category-locales","category-ultimas-noticias","tag-los-ultimos-desarrollos-en-palestina-ocupada-revelaron-el-racismo-de-la-entidad-ocupante-afirma-al-mekdad"],"_links":{"self":[{"href":"https:\/\/archive.sana.sy\/es\/index.php?rest_route=\/wp\/v2\/posts\/182203"}],"collection":[{"href":"https:\/\/archive.sana.sy\/es\/index.php?rest_route=\/wp\/v2\/posts"}],"about":[{"href":"https:\/\/archive.sana.sy\/es\/index.php?rest_route=\/wp\/v2\/types\/post"}],"author":[{"embeddable":true,"href":"https:\/\/archive.sana.sy\/es\/index.php?rest_route=\/wp\/v2\/users\/30"}],"replies":[{"embeddable":true,"href":"https:\/\/archive.sana.sy\/es\/index.php?rest_route=%2Fwp%2Fv2%2Fcomments&post=182203"}],"version-history":[{"count":0,"href":"https:\/\/archive.sana.sy\/es\/index.php?rest_route=\/wp\/v2\/posts\/182203\/revisions"}],"wp:featuredmedia":[{"embeddable":true,"href":"https:\/\/archive.sana.sy\/es\/index.php?rest_route=\/wp\/v2\/media\/182204"}],"wp:attachment":[{"href":"https:\/\/archive.sana.sy\/es\/index.php?rest_route=%2Fwp%2Fv2%2Fmedia&parent=182203"}],"wp:term":[{"taxonomy":"category","embeddable":true,"href":"https:\/\/archive.sana.sy\/es\/index.php?rest_route=%2Fwp%2Fv2%2Fcategories&post=182203"},{"taxonomy":"post_tag","embeddable":true,"href":"https:\/\/archive.sana.sy\/es\/index.php?rest_route=%2Fwp%2Fv2%2Ftags&post=182203"}],"curies":[{"name":"wp","href":"https:\/\/api.w.org\/{rel}","templated":true}]}}