{"id":18223,"date":"2015-02-20T13:45:49","date_gmt":"2015-02-20T11:45:49","guid":{"rendered":"http:\/\/www.sana.sy\/es\/?p=18223"},"modified":"2015-02-21T13:17:55","modified_gmt":"2015-02-21T11:17:55","slug":"el-patriarca-ignacio-efren-ii-los-grupos-terroristas-respaldados-por-el-extranjero-causaron-estragos-en-siria","status":"publish","type":"post","link":"https:\/\/archive.sana.sy\/es\/?p=18223","title":{"rendered":"El patriarca Ignacio Efr\u00e9n II: los grupos terroristas respaldados por el extranjero causaron estragos en Siria"},"content":{"rendered":"<p>Nueva Delhi-SANA<\/p>\n<p>Ignacio Efr\u00e9n II, patriarca de Antioqu\u00eda y Todo el Oriente y m\u00e1ximo representante de la iglesia ortodoxa en el mundo confirm\u00f3 que, los grupos terroristas respaldados por las fuerzas extranjeras, causan estragos en Siria e Irak.<\/p>\n<p>El Patriarca Efr\u00e9n II en una entrevista exclusiva con el corresponsal de SANA en Nueva Delhi, durante su visita a la India, expres\u00f3 su gran apreciaci\u00f3n por los grandes sacrificios del Ej\u00e9rcito \u00c1rabe sirio y por su inmensa valent\u00eda para proteger la unidad de Siria y conservar la integridad del territorio y la poblaci\u00f3n.<\/p>\n<p>El Patriarca Efr\u00e9n II expres\u00f3 su confianza en la victoria de Siria en su lucha contra el terrorismo, confirmando que Siria seguir\u00e1 siendo un pa\u00eds de la seguridad y la estabilidad para todos los sirios.<\/p>\n<p>En relaci\u00f3n con su visita a la India, el Patriarca Efr\u00e9n dijo que, la visita a la India ha sido de gran \u00e9xito durante el cual inform\u00f3 a los oficiales indios de &#8220;los dolores del pueblo sirio, el sufrimiento, y el desplazamiento cometidos a manos de las organizaciones terroristas&#8221;.<\/p>\n<p>El Patriarca explic\u00f3 la realidad de los hechos en Siria durante sus reuniones tanto con el presidente Pranab Mo Cergy, el primer ministro Nar Andramoda, el l\u00edder de la oposici\u00f3n Sonia Gandhi, presidenta del partido del Congreso, haciendo hincapi\u00e9 en que no existe ninguna diferencia entre los terroristas y el terrorismo, y rechazando a su vez las categorizaciones occidentales y estadounidenses&#8221;.<\/p>\n<p>En el mismo contexto el Patriarca Efr\u00e9n II expres\u00f3 su agradecimiento y aprecio por la posici\u00f3n de la India en apoyar a Siria, la cual &#8220;no ha actuado como el resto de los pa\u00edses occidentales, especialmente EEUU, a pesar de las presiones realizadas hacia Nueva Delhi&#8221; y dijo que &#8220;esta es una prueba de la estabilidad de la actitud de la India hacia la cuesti\u00f3n justa de Siria&#8221; y alabando el rol del Estado de la India por la convivencia pac\u00edfica entre sus ciudadanos.<\/p>\n<p>A su vez el embajador sirio, expres\u00f3 la importancia de los esfuerzos del Patriarca en apoyar las posturas de Siria en su guerra contra las organizaciones terroristas apoyadas por los Estados Unidos, los pa\u00edses occidentales, Turqu\u00eda, y algunos pa\u00edses \u00e1rabes.<\/p>\n<p>M. Miri, Riyad Sh.<\/p>\n","protected":false},"excerpt":{"rendered":"<p>Nueva Delhi-SANA Ignacio Efr\u00e9n II, patriarca de Antioqu\u00eda y Todo el Oriente y m\u00e1ximo representante de la iglesia ortodoxa en el mundo confirm\u00f3 que, los grupos terroristas respaldados por las fuerzas extranjeras, causan estragos en Siria e Irak. El Patriarca Efr\u00e9n II en una entrevista exclusiva con el corresponsal de SANA en Nueva Delhi, durante &hellip;<\/p>\n","protected":false},"author":24,"featured_media":18224,"comment_status":"closed","ping_status":"closed","sticky":false,"template":"","format":"standard","meta":{"footnotes":""},"categories":[456,457,576],"tags":[4145],"class_list":["post-18223","post","type-post","status-publish","format-standard","has-post-thumbnail","","category-arabe-internacional-politica","category-noticias-arabe-internacional-politica","category-noticias-politicas","tag-el-patriarca-ignacio-efren-ii-los-grupos-terroristas-respaldados-por-el-extranjero-causaron-estragos-en-siria"],"_links":{"self":[{"href":"https:\/\/archive.sana.sy\/es\/index.php?rest_route=\/wp\/v2\/posts\/18223"}],"collection":[{"href":"https:\/\/archive.sana.sy\/es\/index.php?rest_route=\/wp\/v2\/posts"}],"about":[{"href":"https:\/\/archive.sana.sy\/es\/index.php?rest_route=\/wp\/v2\/types\/post"}],"author":[{"embeddable":true,"href":"https:\/\/archive.sana.sy\/es\/index.php?rest_route=\/wp\/v2\/users\/24"}],"replies":[{"embeddable":true,"href":"https:\/\/archive.sana.sy\/es\/index.php?rest_route=%2Fwp%2Fv2%2Fcomments&post=18223"}],"version-history":[{"count":0,"href":"https:\/\/archive.sana.sy\/es\/index.php?rest_route=\/wp\/v2\/posts\/18223\/revisions"}],"wp:featuredmedia":[{"embeddable":true,"href":"https:\/\/archive.sana.sy\/es\/index.php?rest_route=\/wp\/v2\/media\/18224"}],"wp:attachment":[{"href":"https:\/\/archive.sana.sy\/es\/index.php?rest_route=%2Fwp%2Fv2%2Fmedia&parent=18223"}],"wp:term":[{"taxonomy":"category","embeddable":true,"href":"https:\/\/archive.sana.sy\/es\/index.php?rest_route=%2Fwp%2Fv2%2Fcategories&post=18223"},{"taxonomy":"post_tag","embeddable":true,"href":"https:\/\/archive.sana.sy\/es\/index.php?rest_route=%2Fwp%2Fv2%2Ftags&post=18223"}],"curies":[{"name":"wp","href":"https:\/\/api.w.org\/{rel}","templated":true}]}}