{"id":18233,"date":"2015-02-21T14:04:42","date_gmt":"2015-02-21T12:04:42","guid":{"rendered":"http:\/\/www.sana.sy\/es\/?p=18233"},"modified":"2015-02-21T14:04:42","modified_gmt":"2015-02-21T12:04:42","slug":"acuerdo-entre-ee-uu-y-turquia-para-entrenar-a-los-terroristas-frustra-el-plan-de-di-mitsura-antes-de-comenzarse-afirma-mekdad","status":"publish","type":"post","link":"https:\/\/archive.sana.sy\/es\/?p=18233","title":{"rendered":"Acuerdo entre EE.UU y Turqu\u00eda para entrenar a los terroristas frustra el plan de Di Mitsura antes de comenzarse, afirma Mekdad"},"content":{"rendered":"<p>Damasco, SANA<\/p>\n<p>El Viceministro de Exteriores y Emigrantes, Faisal al-Mekdad, dijo que \u201cel acuerdo entre Estados Unidos y Turqu\u00eda para entrenar y armar a los terroristas de la llamada &#8220;oposici\u00f3n moderada&#8221; significar\u00eda el fracaso del plan del enviado internacional para Siria, Staffan Di Mistura, antes de que comience\u201d.<\/p>\n<p>En un art\u00edculo publicado en el peri\u00f3dico liban\u00e9s \u201cal-Binaa\u201d, el vicecanciller sirio dijo: \u201cse ilusionan aquellos que creen que el acuerdo estadounidense-turco tendr\u00e1 \u00e9xito porque lo \u00fanico que servir\u00eda es para dar un nuevo impulso a los terroristas a fin de poner a prueba la capacidad de resistencia de Siria, prolongar la crisis y agotar la fuerza de Siria para dar la oportunidad a &#8220;Israel&#8221; para extender su hegemon\u00eda en la regi\u00f3n\u201d.<\/p>\n<p>De igual manera, al-Mekdad explic\u00f3 que \u201cSiria no ve nada nuevo en la pol\u00edtica agresiva de Estados Unidos y de Turqu\u00eda desde hace cuatro a\u00f1os hasta ahora, y que el acuerdo turco estadounidense s\u00f3lo agrega nuevos n\u00fameros a los terroristas\u201d. \u201cEsto no va a cambiar en absoluto la voluntad de Siria y de los sirios de luchar contra estas olas sucesivas de terroristas y que no han parado desde el primer d\u00eda de la agresi\u00f3n contra Siria en 2011\u201d, acot\u00f3 al-Mekdad.<\/p>\n<p>El diplom\u00e1tico sirio hizo alusi\u00f3n a un cambio en el estado de \u00e1nimo internacional hacia las pol\u00edticas de Washington, pues un gran n\u00famero de pa\u00edses han empezado a declarar en p\u00fablico que las pol\u00edticas aplicadas por los Estados Unidos respecto a los pa\u00edses \u00e1rabes han perdido su credibilidad ya que alimentan la violencia y el terrorismo en la regi\u00f3n.<\/p>\n<p>Fady M., Lynn A.<\/p>\n","protected":false},"excerpt":{"rendered":"<p>Damasco, SANA El Viceministro de Exteriores y Emigrantes, Faisal al-Mekdad, dijo que \u201cel acuerdo entre Estados Unidos y Turqu\u00eda para entrenar y armar a los terroristas de la llamada &#8220;oposici\u00f3n moderada&#8221; significar\u00eda el fracaso del plan del enviado internacional para Siria, Staffan Di Mistura, antes de que comience\u201d. En un art\u00edculo publicado en el peri\u00f3dico &hellip;<\/p>\n","protected":false},"author":24,"featured_media":5631,"comment_status":"closed","ping_status":"closed","sticky":false,"template":"","format":"standard","meta":{"footnotes":""},"categories":[555,597,576],"tags":[4147,4148],"class_list":["post-18233","post","type-post","status-publish","format-standard","has-post-thumbnail","","category-prensa","category-cinta-de-noticias","category-noticias-politicas","tag-acuerdo-entre-ee-uu-y-turquia-para-entrenar-a-los-terroristas-frustra-el-plan-de-di-mitsura-antes-de-comenzarse","tag-afirma-mekdad"],"_links":{"self":[{"href":"https:\/\/archive.sana.sy\/es\/index.php?rest_route=\/wp\/v2\/posts\/18233"}],"collection":[{"href":"https:\/\/archive.sana.sy\/es\/index.php?rest_route=\/wp\/v2\/posts"}],"about":[{"href":"https:\/\/archive.sana.sy\/es\/index.php?rest_route=\/wp\/v2\/types\/post"}],"author":[{"embeddable":true,"href":"https:\/\/archive.sana.sy\/es\/index.php?rest_route=\/wp\/v2\/users\/24"}],"replies":[{"embeddable":true,"href":"https:\/\/archive.sana.sy\/es\/index.php?rest_route=%2Fwp%2Fv2%2Fcomments&post=18233"}],"version-history":[{"count":0,"href":"https:\/\/archive.sana.sy\/es\/index.php?rest_route=\/wp\/v2\/posts\/18233\/revisions"}],"wp:featuredmedia":[{"embeddable":true,"href":"https:\/\/archive.sana.sy\/es\/index.php?rest_route=\/wp\/v2\/media\/5631"}],"wp:attachment":[{"href":"https:\/\/archive.sana.sy\/es\/index.php?rest_route=%2Fwp%2Fv2%2Fmedia&parent=18233"}],"wp:term":[{"taxonomy":"category","embeddable":true,"href":"https:\/\/archive.sana.sy\/es\/index.php?rest_route=%2Fwp%2Fv2%2Fcategories&post=18233"},{"taxonomy":"post_tag","embeddable":true,"href":"https:\/\/archive.sana.sy\/es\/index.php?rest_route=%2Fwp%2Fv2%2Ftags&post=18233"}],"curies":[{"name":"wp","href":"https:\/\/api.w.org\/{rel}","templated":true}]}}