{"id":18235,"date":"2015-02-21T14:09:39","date_gmt":"2015-02-21T12:09:39","guid":{"rendered":"http:\/\/www.sana.sy\/es\/?p=18235"},"modified":"2015-02-21T14:09:39","modified_gmt":"2015-02-21T12:09:39","slug":"ministro-de-defensa-irani-las-operaciones-antiterroristas-del-ejercito-sirio-alcanzaron-la-fase-de-disuasion","status":"publish","type":"post","link":"https:\/\/archive.sana.sy\/es\/?p=18235","title":{"rendered":"Ministro de Defensa iran\u00ed: las operaciones antiterroristas del ej\u00e9rcito sirio alcanzaron la \u201cfase de disuasi\u00f3n\u201d"},"content":{"rendered":"<p>Teher\u00e1n, SANA<\/p>\n<p>El ministro de Defensa iran\u00ed, el general Hossein Dahkan, se\u00f1al\u00f3 que las operaciones del ej\u00e9rcito sirio contra el terrorismo han llegado a la \u201cfase de disuasi\u00f3n\u201d, asegurando que \u201cIsrael\u201d es incapaz de tomar ninguna medida en contra del eje de la resistencia en la regi\u00f3n.<\/p>\n<p>El titular de Defensa iran\u00ed acot\u00f3 que las organizaciones terroristas llevan a cabo sus ataques en la regi\u00f3n en lugar de \u201cIsrael\u201d para garantizar la seguridad de este \u00faltimo, enfatizando que \u201cIsrael\u201d carece de valent\u00eda para hacer frente a los movimientos de resistencia en la regi\u00f3n.<\/p>\n<p>Asimismo, hizo referencia al nuevo ambiente de cooperaci\u00f3n entre Ir\u00e1n y Rusia, ratificando que su pa\u00eds seguir\u00e1 coordinando con Rusia en los \u00e1mbitos militar y de defensa.<\/p>\n<p>Lynn A., Fady M.<\/p>\n","protected":false},"excerpt":{"rendered":"<p>Teher\u00e1n, SANA El ministro de Defensa iran\u00ed, el general Hossein Dahkan, se\u00f1al\u00f3 que las operaciones del ej\u00e9rcito sirio contra el terrorismo han llegado a la \u201cfase de disuasi\u00f3n\u201d, asegurando que \u201cIsrael\u201d es incapaz de tomar ninguna medida en contra del eje de la resistencia en la regi\u00f3n. El titular de Defensa iran\u00ed acot\u00f3 que las &hellip;<\/p>\n","protected":false},"author":24,"featured_media":18236,"comment_status":"closed","ping_status":"closed","sticky":false,"template":"","format":"standard","meta":{"footnotes":""},"categories":[456,457],"tags":[],"class_list":["post-18235","post","type-post","status-publish","format-standard","has-post-thumbnail","","category-arabe-internacional-politica","category-noticias-arabe-internacional-politica"],"_links":{"self":[{"href":"https:\/\/archive.sana.sy\/es\/index.php?rest_route=\/wp\/v2\/posts\/18235"}],"collection":[{"href":"https:\/\/archive.sana.sy\/es\/index.php?rest_route=\/wp\/v2\/posts"}],"about":[{"href":"https:\/\/archive.sana.sy\/es\/index.php?rest_route=\/wp\/v2\/types\/post"}],"author":[{"embeddable":true,"href":"https:\/\/archive.sana.sy\/es\/index.php?rest_route=\/wp\/v2\/users\/24"}],"replies":[{"embeddable":true,"href":"https:\/\/archive.sana.sy\/es\/index.php?rest_route=%2Fwp%2Fv2%2Fcomments&post=18235"}],"version-history":[{"count":0,"href":"https:\/\/archive.sana.sy\/es\/index.php?rest_route=\/wp\/v2\/posts\/18235\/revisions"}],"wp:featuredmedia":[{"embeddable":true,"href":"https:\/\/archive.sana.sy\/es\/index.php?rest_route=\/wp\/v2\/media\/18236"}],"wp:attachment":[{"href":"https:\/\/archive.sana.sy\/es\/index.php?rest_route=%2Fwp%2Fv2%2Fmedia&parent=18235"}],"wp:term":[{"taxonomy":"category","embeddable":true,"href":"https:\/\/archive.sana.sy\/es\/index.php?rest_route=%2Fwp%2Fv2%2Fcategories&post=18235"},{"taxonomy":"post_tag","embeddable":true,"href":"https:\/\/archive.sana.sy\/es\/index.php?rest_route=%2Fwp%2Fv2%2Ftags&post=18235"}],"curies":[{"name":"wp","href":"https:\/\/api.w.org\/{rel}","templated":true}]}}