{"id":18246,"date":"2015-02-21T21:31:39","date_gmt":"2015-02-21T19:31:39","guid":{"rendered":"http:\/\/www.sana.sy\/es\/?p=18246"},"modified":"2015-02-22T12:59:52","modified_gmt":"2015-02-22T10:59:52","slug":"ejercito-continua-sus-exitosos-operativos-antiterroristas-en-varias-provincias-sirias","status":"publish","type":"post","link":"https:\/\/archive.sana.sy\/es\/?p=18246","title":{"rendered":"Ej\u00e9rcito contin\u00faa sus exitosos operativos antiterroristas en varias provincias sirias"},"content":{"rendered":"<p><span style=\"color: #0000ff\">Provincias, SANA<\/span><\/p>\n<p style=\"text-align: justify\">Las unidades del ej\u00e9rcito asestaron este s\u00e1bado duros golpes a posiciones terroristas en varias zonas del pa\u00eds.<\/p>\n<p style=\"text-align: justify\"><span style=\"color: #0000ff\">Homs<\/span><\/p>\n<p style=\"text-align: justify\">En este contexto, una fuente militar inform\u00f3 que unidades castrenses en cooperaci\u00f3n con los grupos de defensa popular dejaron muertos o heridos a terroristas en el camino de al-Firiklos-al-Tayfour en el campo este de Homs.<\/p>\n<p style=\"text-align: justify\">Asimismo, el ej\u00e9rcito eliminaron a numerosos terroristas en una serie de operativos exitosos llevados a cabo contra posiciones y refugios de organizaciones takifirstas en Um Sahriy, Salam Gharbi y al-Msheirfa al-Shamaliya en el campo este de la provincia central, a\u00f1adi\u00f3 la fuente militar.<\/p>\n<p style=\"text-align: justify\">En el campo norte\u00f1o de Homs, numerosos terroristas resultaron muertos y heridos en operativos militares en el pueblo de Um Sharshou dependiente del distrito de Talbisa en el noroeste de la ciudad de Homs.<\/p>\n<p style=\"text-align: justify\">A todo ello, unidades del ej\u00e9rcito infligieron significativas bajas en las filas de terroristas del &#8220;Frente de al-Nousra&#8221; y el llamado \u201cFailak Homs\u201d en el pueblo de al-Zafarana en la zona de al-Rastan.<\/p>\n<p style=\"text-align: justify\"><span style=\"color: #0000ff\">Hama<\/span><\/p>\n<p style=\"text-align: justify\">En paralelo, las FFAA aniquilaron a terroristas junto con sus armas en un operativo realizado contra un refugio suyo en la localidad de al-Latamna en el noroeste de la ciudad de Hama, donde se despliegan grupos terroristas afiliados al \u201cFrente de al-Nousra\u201d, seg\u00fan revel\u00f3 una fuente militar.<\/p>\n<p style=\"text-align: justify\">La fuente agreg\u00f3 que unidades castrenses acabaron con terroristas al bombardear posiciones de terroristas en el pueblo de Salim al-Tahtani en el campo sureste de Hama y en al-Qastal al-Wistani y Akerbat en el campo este de la provincia.<\/p>\n<p style=\"text-align: justify\">La misma suerte corrieron terroristas en operaciones del ej\u00e9rcito en Mukaiman al-Shamali cerca del desierto y el monte de al-Balaas.<\/p>\n<p style=\"text-align: justify\"><span style=\"color: #0000ff\">Quneitra<\/span><\/p>\n<p style=\"text-align: justify\">Asimismo, las FFAA realizaron una serie de operativos contra concentraciones del \u201cFrente de al-Nousra\u201d, y de\u00a0otras organizaciones terroristas en la localidad de Masshara en el campo este de Quneitra, cerca de la frontera administrativa con la provincia de Deraa.<\/p>\n<p style=\"text-align: justify\">En estos operativos militares numerosos terroristas fueron aniquilados junto con sus pertrechos b\u00e9licos, se\u00f1al\u00f3 una fuente militar.<\/p>\n<p style=\"text-align: justify\">Es de se\u00f1alar que varias antig\u00fcedades de la localidad arqueol\u00f3gica Masshara fueron saqueadas a manos de los terroristas y contrabandeadas a continuaci\u00f3n a trav\u00e9s de Jordania y el territorio ocupado del Gol\u00e1n.<\/p>\n<p style=\"text-align: justify\">A todo ello, medios de comunicaci\u00f3n confirmaron la muerte de un &#8220;Emir del Frente del al-Nousra\u201d, de nacionalidad jordana en el pueblo de al-Rawadi ubicado en el campo de Quneitra.<\/p>\n<p style=\"text-align: justify\"><span style=\"color: #0000ff\">Damasco-campo<\/span><\/p>\n<p style=\"text-align: justify\">Una unidad del ej\u00e9rcito \u00a0elimin\u00f3 este s\u00e1bado a integrantes de la \u00a0banda terrorista Ej\u00e9rcito Al-islam, algunos de ellos eran de nacionalidades extranjeras en las \u00a0granjas de Al-gouta oriental. Una fuente militar se\u00f1alo que, una unidad del ej\u00e9rcito elimin\u00f3 \u00a0a integrantes de una banda terrorista en el suroeste de Beit Yen en Damaco-campo, y en la aldea Al-hebaria en el campo suroeste de la capital.<\/p>\n<p style=\"text-align: justify\"><span style=\"color: #0000ff\">Deraa<\/span><\/p>\n<p style=\"text-align: justify\">En el campo note\u00f1o de Deraa, el ej\u00e9rcito bombarde\u00f3 posiciones del Frente de al-Nousra y el llamado \u201cMovimiento de Muzana\u201d en Ibtaa.<\/p>\n<p style=\"text-align: justify\">Asimismo, numerosos terroristas resultaron muertos o heridos en operativos precios en los pueblos de al-Zuraya y al-Faki al norte de Deraa y en los pueblos de Akraba, al-Mal y al-Teha en el noroeste de Deraa.<\/p>\n<p style=\"text-align: justify\">Una fuente militar informo que unidades del ej\u00e9rcito \u00a0y de las Fuerzas Armadas destruyeron varios dep\u00f3sitos de armas, municiones, y vehiculos, en las proximidades del edificio Al- kuwait\u00ed \u00a0al norte de Dael, y el municipio Al-Shej Meskin en el campo de Deraa.<\/p>\n<p style=\"text-align: justify\"><span style=\"color: #0000ff\">Idleb-campo<\/span><\/p>\n<p style=\"text-align: justify\">Unidades del ej\u00e9rcito destruyen escondites de las organizaciones terroristas.<\/p>\n<p style=\"text-align: justify\">Una fuente militar revelo que, unas unidades del ej\u00e9rcito y de las fuerzas armadas lanzaron unos operativos en el campo de Idleb contra posiciones terroristas, en las zonas de Abu-Alduhur, Alhamediah, y Tal Salmo, donde dejaron grandes p\u00e9rdidas en las filas de los terroristas adem\u00e1s de la destrucci\u00f3n de veh\u00edculos y armas.<\/p>\n<p style=\"text-align: justify\">Asimismo, la fuente a\u00f1adi\u00f3 que, otras unidades del ej\u00e9rcito bombardeo posiciones terroristas en la zona de Yesser Al-shogur , y la montana Al-zawea.<\/p>\n<p>&nbsp;<\/p>\n<p>Lynn A. M.Miri<\/p>\n","protected":false},"excerpt":{"rendered":"<p>Provincias, SANA Las unidades del ej\u00e9rcito asestaron este s\u00e1bado duros golpes a posiciones terroristas en varias zonas del pa\u00eds. Homs En este contexto, una fuente militar inform\u00f3 que unidades castrenses en cooperaci\u00f3n con los grupos de defensa popular dejaron muertos o heridos a terroristas en el camino de al-Firiklos-al-Tayfour en el campo este de Homs. &hellip;<\/p>\n","protected":false},"author":24,"featured_media":17140,"comment_status":"closed","ping_status":"closed","sticky":false,"template":"","format":"standard","meta":{"footnotes":""},"categories":[573],"tags":[4152],"class_list":["post-18246","post","type-post","status-publish","format-standard","has-post-thumbnail","","category-la-realidad-de-los-acontecimientos-en-siria","tag-ejercito-continua-sus-exitosos-operativos-antiterroristas-en-varias-provincias-sirias"],"_links":{"self":[{"href":"https:\/\/archive.sana.sy\/es\/index.php?rest_route=\/wp\/v2\/posts\/18246"}],"collection":[{"href":"https:\/\/archive.sana.sy\/es\/index.php?rest_route=\/wp\/v2\/posts"}],"about":[{"href":"https:\/\/archive.sana.sy\/es\/index.php?rest_route=\/wp\/v2\/types\/post"}],"author":[{"embeddable":true,"href":"https:\/\/archive.sana.sy\/es\/index.php?rest_route=\/wp\/v2\/users\/24"}],"replies":[{"embeddable":true,"href":"https:\/\/archive.sana.sy\/es\/index.php?rest_route=%2Fwp%2Fv2%2Fcomments&post=18246"}],"version-history":[{"count":0,"href":"https:\/\/archive.sana.sy\/es\/index.php?rest_route=\/wp\/v2\/posts\/18246\/revisions"}],"wp:featuredmedia":[{"embeddable":true,"href":"https:\/\/archive.sana.sy\/es\/index.php?rest_route=\/wp\/v2\/media\/17140"}],"wp:attachment":[{"href":"https:\/\/archive.sana.sy\/es\/index.php?rest_route=%2Fwp%2Fv2%2Fmedia&parent=18246"}],"wp:term":[{"taxonomy":"category","embeddable":true,"href":"https:\/\/archive.sana.sy\/es\/index.php?rest_route=%2Fwp%2Fv2%2Fcategories&post=18246"},{"taxonomy":"post_tag","embeddable":true,"href":"https:\/\/archive.sana.sy\/es\/index.php?rest_route=%2Fwp%2Fv2%2Ftags&post=18246"}],"curies":[{"name":"wp","href":"https:\/\/api.w.org\/{rel}","templated":true}]}}