{"id":182514,"date":"2021-05-28T08:19:12","date_gmt":"2021-05-28T05:19:12","guid":{"rendered":"http:\/\/107.6.182.27\/es\/?p=182514"},"modified":"2021-05-28T08:24:13","modified_gmt":"2021-05-28T05:24:13","slug":"titulares-de-la-agencia-sana-28-de-mayo","status":"publish","type":"post","link":"https:\/\/archive.sana.sy\/es\/?p=182514","title":{"rendered":"Titulares de la agencia SANA, 28 de mayo"},"content":{"rendered":"<p style=\"text-align: justify;\"><span style=\"color: #800000;\"><strong>Damasco, SANA<\/strong><\/span><\/p>\n<p style=\"text-align: justify;\">????????Bashar al-Assad gana elecciones presidenciales con el 95.1 % de los votos<\/p>\n<p style=\"text-align: justify;\">????????Siria celebra triunfo del Dr. Bashar Al-Assad en elecciones presidenciales<\/p>\n<p>????????Tras ganar las elecciones, el Dr. Bashar al-Assad agradece a los sirios su alto patriotismo y notable participaci\u00f3n<\/p>\n<p style=\"text-align: justify;\">????????Washington ingres\u00f3 a sus bases ilegales en Siria una columna de 45 camiones cargados con equipos militares y log\u00edsticos<\/p>\n<p style=\"text-align: justify;\">????????Ministro de Turismo examina con sus hom\u00f3logos de L\u00edbano, Om\u00e1n e Iraq la cooperaci\u00f3n tur\u00edstica<\/p>\n<p style=\"text-align: justify;\">????????Los \u00faltimos desarrollos en Palestina ocupada revelaron el racismo de la entidad ocupante, afirma al-Mekdad<\/p>\n<p style=\"text-align: justify;\">????????Ministro de salud destaca necesidad de enfrentar las medidas coercitivas impuestas por los pa\u00edses occidentales por razones pol\u00edticas<\/p>\n<p style=\"text-align: justify;\">????????Gol\u00e1neses elogian la celebraci\u00f3n de las elecciones presidenciales en su fecha<\/p>\n<p style=\"text-align: justify;\">????????Expresidente liban\u00e9s: la masiva participaci\u00f3n popular en las elecciones corona las victorias de Siria<\/p>\n<p style=\"text-align: justify;\">????????Kosachev: La posici\u00f3n de la UE sobre las elecciones presidenciales en Siria es una clara injerencia en sus asuntos internos<\/p>\n<p style=\"text-align: justify;\">????????Los sirios m\u00e1s apegados a su decisi\u00f3n nacional soberana y rechazan injerencia en los asuntos de su pa\u00eds<\/p>\n<p style=\"text-align: justify;\">????????Un civil muerto y cinco heridos en la explosi\u00f3n de un artefacto explosivo en Afrin<\/p>\n<p style=\"text-align: justify;\">????????Milicia FDS secuestra a 20 j\u00f3venes en Raqqa<\/p>\n<p style=\"text-align: justify;\">????????Teher\u00e1n: las medidas coercitivas impuestas a Siria son irresponsables e inmorales<\/p>\n<p style=\"text-align: justify;\">????????La Asamblea Mundial de la Salud adopta una resoluci\u00f3n en apoyo del Gol\u00e1n sirio y los territorios palestinos ocupados<\/p>\n<p style=\"text-align: justify;\">\n","protected":false},"excerpt":{"rendered":"<p>Damasco, SANA ????????Bashar al-Assad gana elecciones presidenciales con el 95.1 % de los votos ????????Siria celebra triunfo del Dr. Bashar Al-Assad en elecciones presidenciales ????????Tras ganar las elecciones, el Dr. Bashar al-Assad agradece a los sirios su alto patriotismo y notable participaci\u00f3n ????????Washington ingres\u00f3 a sus bases ilegales en Siria una columna de 45 camiones &hellip;<\/p>\n","protected":false},"author":30,"featured_media":179819,"comment_status":"closed","ping_status":"closed","sticky":false,"template":"","format":"standard","meta":{"footnotes":""},"categories":[555,597],"tags":[19122],"class_list":["post-182514","post","type-post","status-publish","format-standard","has-post-thumbnail","","category-prensa","category-cinta-de-noticias","tag-titulares-de-la-agencia-sana-28-de-mayo"],"_links":{"self":[{"href":"https:\/\/archive.sana.sy\/es\/index.php?rest_route=\/wp\/v2\/posts\/182514"}],"collection":[{"href":"https:\/\/archive.sana.sy\/es\/index.php?rest_route=\/wp\/v2\/posts"}],"about":[{"href":"https:\/\/archive.sana.sy\/es\/index.php?rest_route=\/wp\/v2\/types\/post"}],"author":[{"embeddable":true,"href":"https:\/\/archive.sana.sy\/es\/index.php?rest_route=\/wp\/v2\/users\/30"}],"replies":[{"embeddable":true,"href":"https:\/\/archive.sana.sy\/es\/index.php?rest_route=%2Fwp%2Fv2%2Fcomments&post=182514"}],"version-history":[{"count":0,"href":"https:\/\/archive.sana.sy\/es\/index.php?rest_route=\/wp\/v2\/posts\/182514\/revisions"}],"wp:featuredmedia":[{"embeddable":true,"href":"https:\/\/archive.sana.sy\/es\/index.php?rest_route=\/wp\/v2\/media\/179819"}],"wp:attachment":[{"href":"https:\/\/archive.sana.sy\/es\/index.php?rest_route=%2Fwp%2Fv2%2Fmedia&parent=182514"}],"wp:term":[{"taxonomy":"category","embeddable":true,"href":"https:\/\/archive.sana.sy\/es\/index.php?rest_route=%2Fwp%2Fv2%2Fcategories&post=182514"},{"taxonomy":"post_tag","embeddable":true,"href":"https:\/\/archive.sana.sy\/es\/index.php?rest_route=%2Fwp%2Fv2%2Ftags&post=182514"}],"curies":[{"name":"wp","href":"https:\/\/api.w.org\/{rel}","templated":true}]}}