{"id":18253,"date":"2015-02-21T16:59:37","date_gmt":"2015-02-21T14:59:37","guid":{"rendered":"http:\/\/www.sana.sy\/es\/?p=18253"},"modified":"2015-02-21T16:59:37","modified_gmt":"2015-02-21T14:59:37","slug":"juntos-contra-el-terrorismo-un-conversatorio-de-solidaridad-con-siria-en-italia","status":"publish","type":"post","link":"https:\/\/archive.sana.sy\/es\/?p=18253","title":{"rendered":"\u201cJuntos contra el terrorismo\u201d, un conversatorio de solidaridad con Siria en Italia"},"content":{"rendered":"<p>Roma, SANA<\/p>\n<p>El sucursal de la Federaci\u00f3n Nacional de Estudiantes Sirios en Italia, en cooperaci\u00f3n con la comunidad siria y el Frente Europeo para la Solidaridad con Siria organiz\u00f3 un conversatorio de solidaridad con Siria en la ciudad italiana de Foligno bajo el lema \u201cJuntos contra el terrorismo\u201d.<\/p>\n<p>El miembro del Frente Europeo para la Solidaridad con Siria, Saverio di Giulio, alab\u00f3 la resistencia legendaria de Siria, tanto pueblo y ej\u00e9rcito como liderazgo frente alas organizaciones terroristas.<\/p>\n<p>Di Giulio hizo una panor\u00e1mica sobre lo que atestigu\u00f3 durante su \u00faltima visita a Siria en el pasado mes de octubre, y luego hizo un an\u00e1lisis de la situaci\u00f3n en este pa\u00eds despu\u00e9s de cuatro a\u00f1os de una guerra universal librada en su contra.<\/p>\n<p>A su vez, el presidente del sucursal de la Federaci\u00f3n Nacional de Estudiantes Sirios en Italia, Wasim Murshed explic\u00f3 que los planes sionistas y estadounidenses encaminados contra Siria tienen por objetivo dividir la regi\u00f3n, saquear sus recursos, as\u00ed como emplear a las organizaciones terroristas para que sean sus herramientas en la misma.<br \/>\nLynn A.<\/p>\n","protected":false},"excerpt":{"rendered":"<p>Roma, SANA El sucursal de la Federaci\u00f3n Nacional de Estudiantes Sirios en Italia, en cooperaci\u00f3n con la comunidad siria y el Frente Europeo para la Solidaridad con Siria organiz\u00f3 un conversatorio de solidaridad con Siria en la ciudad italiana de Foligno bajo el lema \u201cJuntos contra el terrorismo\u201d. El miembro del Frente Europeo para la &hellip;<\/p>\n","protected":false},"author":24,"featured_media":18254,"comment_status":"closed","ping_status":"closed","sticky":false,"template":"","format":"standard","meta":{"footnotes":""},"categories":[1],"tags":[4153,4154],"class_list":["post-18253","post","type-post","status-publish","format-standard","has-post-thumbnail","","category-news-not-sorted","tag-juntos-contra-el-terrorismo","tag-un-conversatorio-de-solidaridad-con-siria-en-italia"],"_links":{"self":[{"href":"https:\/\/archive.sana.sy\/es\/index.php?rest_route=\/wp\/v2\/posts\/18253"}],"collection":[{"href":"https:\/\/archive.sana.sy\/es\/index.php?rest_route=\/wp\/v2\/posts"}],"about":[{"href":"https:\/\/archive.sana.sy\/es\/index.php?rest_route=\/wp\/v2\/types\/post"}],"author":[{"embeddable":true,"href":"https:\/\/archive.sana.sy\/es\/index.php?rest_route=\/wp\/v2\/users\/24"}],"replies":[{"embeddable":true,"href":"https:\/\/archive.sana.sy\/es\/index.php?rest_route=%2Fwp%2Fv2%2Fcomments&post=18253"}],"version-history":[{"count":0,"href":"https:\/\/archive.sana.sy\/es\/index.php?rest_route=\/wp\/v2\/posts\/18253\/revisions"}],"wp:featuredmedia":[{"embeddable":true,"href":"https:\/\/archive.sana.sy\/es\/index.php?rest_route=\/wp\/v2\/media\/18254"}],"wp:attachment":[{"href":"https:\/\/archive.sana.sy\/es\/index.php?rest_route=%2Fwp%2Fv2%2Fmedia&parent=18253"}],"wp:term":[{"taxonomy":"category","embeddable":true,"href":"https:\/\/archive.sana.sy\/es\/index.php?rest_route=%2Fwp%2Fv2%2Fcategories&post=18253"},{"taxonomy":"post_tag","embeddable":true,"href":"https:\/\/archive.sana.sy\/es\/index.php?rest_route=%2Fwp%2Fv2%2Ftags&post=18253"}],"curies":[{"name":"wp","href":"https:\/\/api.w.org\/{rel}","templated":true}]}}