{"id":182559,"date":"2021-05-28T16:27:22","date_gmt":"2021-05-28T13:27:22","guid":{"rendered":"http:\/\/107.6.182.27\/es\/?p=182559"},"modified":"2023-01-10T14:28:32","modified_gmt":"2023-01-10T12:28:32","slug":"iran-felicita-a-siria-por-el-exito-de-las-elecciones-presidenciales-y-la-eleccion-del-presidente-al-assad-como-presidente-de-la-republica","status":"publish","type":"post","link":"https:\/\/archive.sana.sy\/es\/?p=182559","title":{"rendered":"Ir\u00e1n felicita a Siria por el \u00e9xito de las elecciones presidenciales y la elecci\u00f3n del presidente Al-Assad como presidente\u00a0de la Rep\u00fablica"},"content":{"rendered":"<p style=\"text-align: justify;\"><span style=\"color: #800000;\"><strong>Teher\u00e1n, SANA<\/strong><\/span><\/p>\n<p style=\"text-align: justify;\">La Rep\u00fablica Isl\u00e1mica de Ir\u00e1n felicita a pueblo y gobierno sirios por las exitosas elecciones presidencial y elegir al Dr. Bashar Al-Assad como presidente de la Rep\u00fablica \u00c1rabe de Siria.<\/p>\n<p style=\"text-align: justify;\">El Ministerio de Relaciones Exteriores iran\u00ed, por medio de un comunicado publicado en la agencia IRNA, dijo: \u201cla celebraci\u00f3n exitosa de las elecciones presidenciales y la amplia participaci\u00f3n del pueblo sirio en ellas es un paso importante para establecer la estabilidad, la reconstrucci\u00f3n y la prosperidad en Siria&#8221;.<\/p>\n<p style=\"text-align: justify;\">La Canciller\u00eda agreg\u00f3 que Ir\u00e1n respeta la decisi\u00f3n del pueblo sirio y apoya su derecho a determinar el futuro de su pa\u00eds sin ninguna injerencia a externa.<\/p>\n<p style=\"text-align: justify;\"><span style=\"color: #0000ff;\"><strong>sm\/mm<\/strong><\/span><\/p>\n","protected":false},"excerpt":{"rendered":"<p>Teher\u00e1n, SANA La Rep\u00fablica Isl\u00e1mica de Ir\u00e1n felicita a pueblo y gobierno sirios por las exitosas elecciones presidencial y elegir al Dr. Bashar Al-Assad como presidente de la Rep\u00fablica \u00c1rabe de Siria. El Ministerio de Relaciones Exteriores iran\u00ed, por medio de un comunicado publicado en la agencia IRNA, dijo: \u201cla celebraci\u00f3n exitosa de las elecciones &hellip;<\/p>\n","protected":false},"author":39,"featured_media":182560,"comment_status":"closed","ping_status":"closed","sticky":false,"template":"","format":"standard","meta":{"footnotes":""},"categories":[447,597,457,467],"tags":[],"class_list":["post-182559","post","type-post","status-publish","format-standard","has-post-thumbnail","","category-local-politica","category-cinta-de-noticias","category-noticias-arabe-internacional-politica","category-siria-y-el-mundo"],"_links":{"self":[{"href":"https:\/\/archive.sana.sy\/es\/index.php?rest_route=\/wp\/v2\/posts\/182559"}],"collection":[{"href":"https:\/\/archive.sana.sy\/es\/index.php?rest_route=\/wp\/v2\/posts"}],"about":[{"href":"https:\/\/archive.sana.sy\/es\/index.php?rest_route=\/wp\/v2\/types\/post"}],"author":[{"embeddable":true,"href":"https:\/\/archive.sana.sy\/es\/index.php?rest_route=\/wp\/v2\/users\/39"}],"replies":[{"embeddable":true,"href":"https:\/\/archive.sana.sy\/es\/index.php?rest_route=%2Fwp%2Fv2%2Fcomments&post=182559"}],"version-history":[{"count":0,"href":"https:\/\/archive.sana.sy\/es\/index.php?rest_route=\/wp\/v2\/posts\/182559\/revisions"}],"wp:featuredmedia":[{"embeddable":true,"href":"https:\/\/archive.sana.sy\/es\/index.php?rest_route=\/wp\/v2\/media\/182560"}],"wp:attachment":[{"href":"https:\/\/archive.sana.sy\/es\/index.php?rest_route=%2Fwp%2Fv2%2Fmedia&parent=182559"}],"wp:term":[{"taxonomy":"category","embeddable":true,"href":"https:\/\/archive.sana.sy\/es\/index.php?rest_route=%2Fwp%2Fv2%2Fcategories&post=182559"},{"taxonomy":"post_tag","embeddable":true,"href":"https:\/\/archive.sana.sy\/es\/index.php?rest_route=%2Fwp%2Fv2%2Ftags&post=182559"}],"curies":[{"name":"wp","href":"https:\/\/api.w.org\/{rel}","templated":true}]}}