{"id":182562,"date":"2021-05-28T16:33:53","date_gmt":"2021-05-28T13:33:53","guid":{"rendered":"http:\/\/107.6.182.27\/es\/?p=182562"},"modified":"2023-01-12T14:41:10","modified_gmt":"2023-01-12T12:41:10","slug":"palestina-acoge-con-satisfaccion-la-resolucion-de-formar-un-comite-de-investigacion-internacional-sobre-los-crimenes-israelies","status":"publish","type":"post","link":"https:\/\/archive.sana.sy\/es\/?p=182562","title":{"rendered":"Palestina acoge con satisfacci\u00f3n la resoluci\u00f3n de formar un comit\u00e9 de investigaci\u00f3n internacional sobre los cr\u00edmenes israel\u00edes"},"content":{"rendered":"<p><span style=\"color: #800000;\">Jerusal\u00e9n ocupada, SANA<\/span><\/p>\n<p style=\"text-align: justify;\">Los palestinos acogieron con benepl\u00e1cito la decisi\u00f3n del Consejo de Derechos Humanos de las Naciones Unidas de formar una &#8220;comit\u00e9 de investigaci\u00f3n internacional independiente y permanente&#8221; sobre las violaciones de la ocupaci\u00f3n israel\u00ed de los derechos humanos en los territorios palestinos ocupados.<\/p>\n<p style=\"text-align: justify;\">En este sentido, subrayaron la necesidad de que la comunidad internacional aplique sus resoluciones una vez finalizado la investigaci\u00f3n y no ignorarla, como sucedi\u00f3 en ocasiones anteriores.<\/p>\n<p style=\"text-align: justify;\">La resoluci\u00f3n fue adoptada el pasado jueves por el Consejo de Derechos Humanos despu\u00e9s de que 24 pa\u00edses votaran a favor de la formaci\u00f3n de un &#8220;comit\u00e9 de investigaci\u00f3n internacional independiente y permanente&#8221; para investigar las violaciones israel\u00edes.<\/p>\n<p style=\"text-align: justify;\">Desde el pasado mes de abril, la ocupaci\u00f3n intensific\u00f3 sus ataques contra los palestinos en Cisjordania y los territorios palestinos ocupados en 1948, lo que provoc\u00f3 la muerte de decenas de civiles, dej\u00f3 a otros miles heridos y cientos de arrestados.<\/p>\n<p style=\"text-align: justify;\">Asimismo, las fuerzas de ocupaci\u00f3n israel\u00edes lanzaron recientemente una brutal agresi\u00f3n contra la sitiada Franja de Gaza que se prolong\u00f3 desde el 10 de este mes hasta el 21 del mismo, resultando en la muerte de 255 palestinos, entre ellos 66 ni\u00f1os, y unos dos mil resultaron heridos.<\/p>\n<p><em>mm<\/em><\/p>\n","protected":false},"excerpt":{"rendered":"<p>Jerusal\u00e9n ocupada, SANA Los palestinos acogieron con benepl\u00e1cito la decisi\u00f3n del Consejo de Derechos Humanos de las Naciones Unidas de formar una &#8220;comit\u00e9 de investigaci\u00f3n internacional independiente y permanente&#8221; sobre las violaciones de la ocupaci\u00f3n israel\u00ed de los derechos humanos en los territorios palestinos ocupados. En este sentido, subrayaron la necesidad de que la comunidad &hellip;<\/p>\n","protected":false},"author":36,"featured_media":182563,"comment_status":"closed","ping_status":"closed","sticky":false,"template":"","format":"standard","meta":{"footnotes":""},"categories":[597,456,457],"tags":[],"class_list":["post-182562","post","type-post","status-publish","format-standard","has-post-thumbnail","","category-cinta-de-noticias","category-arabe-internacional-politica","category-noticias-arabe-internacional-politica"],"_links":{"self":[{"href":"https:\/\/archive.sana.sy\/es\/index.php?rest_route=\/wp\/v2\/posts\/182562"}],"collection":[{"href":"https:\/\/archive.sana.sy\/es\/index.php?rest_route=\/wp\/v2\/posts"}],"about":[{"href":"https:\/\/archive.sana.sy\/es\/index.php?rest_route=\/wp\/v2\/types\/post"}],"author":[{"embeddable":true,"href":"https:\/\/archive.sana.sy\/es\/index.php?rest_route=\/wp\/v2\/users\/36"}],"replies":[{"embeddable":true,"href":"https:\/\/archive.sana.sy\/es\/index.php?rest_route=%2Fwp%2Fv2%2Fcomments&post=182562"}],"version-history":[{"count":0,"href":"https:\/\/archive.sana.sy\/es\/index.php?rest_route=\/wp\/v2\/posts\/182562\/revisions"}],"wp:featuredmedia":[{"embeddable":true,"href":"https:\/\/archive.sana.sy\/es\/index.php?rest_route=\/wp\/v2\/media\/182563"}],"wp:attachment":[{"href":"https:\/\/archive.sana.sy\/es\/index.php?rest_route=%2Fwp%2Fv2%2Fmedia&parent=182562"}],"wp:term":[{"taxonomy":"category","embeddable":true,"href":"https:\/\/archive.sana.sy\/es\/index.php?rest_route=%2Fwp%2Fv2%2Fcategories&post=182562"},{"taxonomy":"post_tag","embeddable":true,"href":"https:\/\/archive.sana.sy\/es\/index.php?rest_route=%2Fwp%2Fv2%2Ftags&post=182562"}],"curies":[{"name":"wp","href":"https:\/\/api.w.org\/{rel}","templated":true}]}}