{"id":182721,"date":"2021-05-29T13:49:02","date_gmt":"2021-05-29T10:49:02","guid":{"rendered":"http:\/\/107.6.182.27\/es\/?p=182721"},"modified":"2023-01-12T14:41:10","modified_gmt":"2023-01-12T12:41:10","slug":"autoridades-iraquies-incautan-armas-y-municiones-pertenecientes-al-daesh-en-el-norte-y-oeste-del-pais","status":"publish","type":"post","link":"https:\/\/archive.sana.sy\/es\/?p=182721","title":{"rendered":"Autoridades iraqu\u00edes incautan armas y municiones pertenecientes al Daesh en el norte y oeste del pa\u00eds"},"content":{"rendered":"<p style=\"text-align: justify;\"><span style=\"color: #800000;\"><strong>Bagdad, SANA<\/strong><\/span><\/p>\n<p style=\"text-align: justify;\">La Direcci\u00f3n de Inteligencia Militar Iraqu\u00ed confisc\u00f3 grandes cantidades de municiones y artefactos explosivos pertenecientes a la organizaci\u00f3n terrorista \u201cEstado Isl\u00e1mico\u201d que estaban escondidos en t\u00faneles subterr\u00e1neos en las provincias de N\u00ednive y Anbar en el norte y oeste de Irak.<\/p>\n<p style=\"text-align: justify;\">\u201cNuestras fuerzas lograron asaltar un t\u00fanel del Daesh en la localidad de Al-Qaraj en la provincia de N\u00ednive, donde se descubrieron municiones y artefactos explosivos en su interior, public\u00f3 la direcci\u00f3n en un comunicado.<\/p>\n<p style=\"text-align: justify;\">Mientras tanto, las fuerzas iraqu\u00edes tambi\u00e9n incautaron mortero, artefactos explosivos improvisados y equipos b\u00e9licos en la localidad de Zummar, al oeste de N\u00ednive.<\/p>\n<p style=\"text-align: justify;\">En una operaci\u00f3n similar, la inteligencia iraqu\u00ed se apoder\u00f3 de un almac\u00e9n de armas y explosivos en la aldea de Al-Til en la provincia de Anbar.<\/p>\n<p style=\"text-align: justify;\"><span style=\"color: #0000ff;\"><strong>ws\/fm<\/strong><\/span><\/p>\n","protected":false},"excerpt":{"rendered":"<p>Bagdad, SANA La Direcci\u00f3n de Inteligencia Militar Iraqu\u00ed confisc\u00f3 grandes cantidades de municiones y artefactos explosivos pertenecientes a la organizaci\u00f3n terrorista \u201cEstado Isl\u00e1mico\u201d que estaban escondidos en t\u00faneles subterr\u00e1neos en las provincias de N\u00ednive y Anbar en el norte y oeste de Irak. \u201cNuestras fuerzas lograron asaltar un t\u00fanel del Daesh en la localidad de &hellip;<\/p>\n","protected":false},"author":35,"featured_media":182722,"comment_status":"closed","ping_status":"closed","sticky":false,"template":"","format":"standard","meta":{"footnotes":""},"categories":[597,456],"tags":[],"class_list":["post-182721","post","type-post","status-publish","format-standard","has-post-thumbnail","","category-cinta-de-noticias","category-arabe-internacional-politica"],"_links":{"self":[{"href":"https:\/\/archive.sana.sy\/es\/index.php?rest_route=\/wp\/v2\/posts\/182721"}],"collection":[{"href":"https:\/\/archive.sana.sy\/es\/index.php?rest_route=\/wp\/v2\/posts"}],"about":[{"href":"https:\/\/archive.sana.sy\/es\/index.php?rest_route=\/wp\/v2\/types\/post"}],"author":[{"embeddable":true,"href":"https:\/\/archive.sana.sy\/es\/index.php?rest_route=\/wp\/v2\/users\/35"}],"replies":[{"embeddable":true,"href":"https:\/\/archive.sana.sy\/es\/index.php?rest_route=%2Fwp%2Fv2%2Fcomments&post=182721"}],"version-history":[{"count":0,"href":"https:\/\/archive.sana.sy\/es\/index.php?rest_route=\/wp\/v2\/posts\/182721\/revisions"}],"wp:featuredmedia":[{"embeddable":true,"href":"https:\/\/archive.sana.sy\/es\/index.php?rest_route=\/wp\/v2\/media\/182722"}],"wp:attachment":[{"href":"https:\/\/archive.sana.sy\/es\/index.php?rest_route=%2Fwp%2Fv2%2Fmedia&parent=182721"}],"wp:term":[{"taxonomy":"category","embeddable":true,"href":"https:\/\/archive.sana.sy\/es\/index.php?rest_route=%2Fwp%2Fv2%2Fcategories&post=182721"},{"taxonomy":"post_tag","embeddable":true,"href":"https:\/\/archive.sana.sy\/es\/index.php?rest_route=%2Fwp%2Fv2%2Ftags&post=182721"}],"curies":[{"name":"wp","href":"https:\/\/api.w.org\/{rel}","templated":true}]}}