{"id":182739,"date":"2021-05-29T14:51:04","date_gmt":"2021-05-29T11:51:04","guid":{"rendered":"http:\/\/107.6.182.27\/es\/?p=182739"},"modified":"2021-05-29T17:15:13","modified_gmt":"2021-05-29T14:15:13","slug":"ministro-de-interior-visita-cementerio-de-las-fuerzas-del-orden-interno","status":"publish","type":"post","link":"https:\/\/archive.sana.sy\/es\/?p=182739","title":{"rendered":"Ministro de Interior visita cementerio de las Fuerzas del Orden Interno"},"content":{"rendered":"<p style=\"text-align: justify;\"><span style=\"color: #800000;\"><strong>Damasco, SANA<\/strong><\/span><\/p>\n<p style=\"text-align: justify;\">En conmemoraci\u00f3n al d\u00eda de las Fuerzas del Orden Interno que corresponde al d\u00eda 29 de mayo de cada a\u00f1o, el Mayor General Mohammad al-Rahmoun, Ministro de Interior, visit\u00f3 el cementerio de las Fuerzas del Orden Interno en Dahdah.<img loading=\"lazy\" decoding=\"async\" class=\"size-medium wp-image-182742 alignright\" src=\"http:\/\/107.6.182.27\/es\/wp-content\/uploads\/2021\/05\/3-411-1-300x207.jpg\" alt=\"\" width=\"300\" height=\"207\" srcset=\"https:\/\/archive.sana.sy\/es\/wp-content\/uploads\/2021\/05\/3-411-1-300x207.jpg 300w, https:\/\/archive.sana.sy\/es\/wp-content\/uploads\/2021\/05\/3-411-1-150x104.jpg 150w, https:\/\/archive.sana.sy\/es\/wp-content\/uploads\/2021\/05\/3-411-1-110x75.jpg 110w, https:\/\/archive.sana.sy\/es\/wp-content\/uploads\/2021\/05\/3-411-1.jpg 660w\" sizes=\"(max-width: 300px) 100vw, 300px\" \/><\/p>\n<p style=\"text-align: justify;\">En conmemoraci\u00f3n del d\u00eda nacional en que los polic\u00edas de la guarnici\u00f3n del Parlamento entregaron sus vidas el titular coloc\u00f3 una ofrenda de flores en el Monumento a los M\u00e1rtires de las Fuerzas del Orden Interno.<\/p>\n<p style=\"text-align: justify;\">En declaraciones a los periodistas, el general al-Rahmoun se\u00f1al\u00f3 que la visita fue en homenaje a los m\u00e1rtires de las fuerzas de seguridad interna, la polic\u00eda y los gendarmes que se negaron a obedecer las \u00f3rdenes del colonizador franc\u00e9s y saludar la bandera francesa, entonces las fuerzas coloniales francesas bombardearon el edificio del parlamento, lo asaltaron y mataron a los supervivientes.<\/p>\n<p style=\"text-align: justify;\">&#8220;los enemigos de Siria fracasaron durante los diez a\u00f1os de guerra, terrorismo y el bloqueo econ\u00f3mico que impusieron al pueblo sirio\u201d, destac\u00f3.<\/p>\n<p style=\"text-align: justify;\">Agreg\u00f3 que lo expresado por el pueblo sirio en las elecciones fue una evidencia de ello cuando el pueblo sali\u00f3 a decirles \u201cno a sus planes y s\u00ed a nuestro pa\u00eds\u201d, subrayando que Siria permanecer\u00e1 siendo una fortaleza fuerte y firme frente a los agresores.<\/p>\n<p style=\"text-align: justify;\">El 29 de mayo de 1945, el parlamento sirio fue atacado por las fuerzas coloniales de Francia porque sus guardias se negaron a saludar la bandera francesa, luego el colonizador bombarde\u00f3 el parlamento, mat\u00f3 a los polic\u00edas y mutil\u00f3 sus cuerpos.<\/p>\n<p style=\"text-align: justify;\"><span style=\"color: #0000ff;\"><strong>ah\/rsh<\/strong><\/span><\/p>\n","protected":false},"excerpt":{"rendered":"<p>Damasco, SANA En conmemoraci\u00f3n al d\u00eda de las Fuerzas del Orden Interno que corresponde al d\u00eda 29 de mayo de cada a\u00f1o, el Mayor General Mohammad al-Rahmoun, Ministro de Interior, visit\u00f3 el cementerio de las Fuerzas del Orden Interno en Dahdah. En conmemoraci\u00f3n del d\u00eda nacional en que los polic\u00edas de la guarnici\u00f3n del Parlamento &hellip;<\/p>\n","protected":false},"author":30,"featured_media":182740,"comment_status":"closed","ping_status":"closed","sticky":false,"template":"","format":"standard","meta":{"footnotes":""},"categories":[597,476,7541],"tags":[19129],"class_list":["post-182739","post","type-post","status-publish","format-standard","has-post-thumbnail","","category-cinta-de-noticias","category-locales","category-ultimas-noticias","tag-ministro-de-interior-visita-cementerio-de-las-fuerzas-del-orden-interno"],"_links":{"self":[{"href":"https:\/\/archive.sana.sy\/es\/index.php?rest_route=\/wp\/v2\/posts\/182739"}],"collection":[{"href":"https:\/\/archive.sana.sy\/es\/index.php?rest_route=\/wp\/v2\/posts"}],"about":[{"href":"https:\/\/archive.sana.sy\/es\/index.php?rest_route=\/wp\/v2\/types\/post"}],"author":[{"embeddable":true,"href":"https:\/\/archive.sana.sy\/es\/index.php?rest_route=\/wp\/v2\/users\/30"}],"replies":[{"embeddable":true,"href":"https:\/\/archive.sana.sy\/es\/index.php?rest_route=%2Fwp%2Fv2%2Fcomments&post=182739"}],"version-history":[{"count":0,"href":"https:\/\/archive.sana.sy\/es\/index.php?rest_route=\/wp\/v2\/posts\/182739\/revisions"}],"wp:featuredmedia":[{"embeddable":true,"href":"https:\/\/archive.sana.sy\/es\/index.php?rest_route=\/wp\/v2\/media\/182740"}],"wp:attachment":[{"href":"https:\/\/archive.sana.sy\/es\/index.php?rest_route=%2Fwp%2Fv2%2Fmedia&parent=182739"}],"wp:term":[{"taxonomy":"category","embeddable":true,"href":"https:\/\/archive.sana.sy\/es\/index.php?rest_route=%2Fwp%2Fv2%2Fcategories&post=182739"},{"taxonomy":"post_tag","embeddable":true,"href":"https:\/\/archive.sana.sy\/es\/index.php?rest_route=%2Fwp%2Fv2%2Ftags&post=182739"}],"curies":[{"name":"wp","href":"https:\/\/api.w.org\/{rel}","templated":true}]}}