{"id":182750,"date":"2021-05-29T13:36:23","date_gmt":"2021-05-29T10:36:23","guid":{"rendered":"http:\/\/107.6.182.27\/es\/?p=182750"},"modified":"2021-05-29T17:37:20","modified_gmt":"2021-05-29T14:37:20","slug":"decenas-de-heridos-de-guerra-comenzaran-manana-examenes-de-educacion-basica","status":"publish","type":"post","link":"https:\/\/archive.sana.sy\/es\/?p=182750","title":{"rendered":"Decenas de heridos de guerra comenzar\u00e1n ma\u00f1ana ex\u00e1menes de educaci\u00f3n b\u00e1sica"},"content":{"rendered":"<p style=\"text-align: justify;\"><span style=\"color: #800000;\"><strong>Damasco, SANA<\/strong><\/span><\/p>\n<p style=\"text-align: justify;\">Decenas de lesionados de todas las provincias sirias comenzar\u00e1n ma\u00f1ana 30 de mayo a presentarse a los ex\u00e1menes de educaci\u00f3n b\u00e1sica despu\u00e9s de un a\u00f1o escolar lleno de desaf\u00edos y esfuerzo por el logro educativo.<\/p>\n<p style=\"text-align: justify;\">Son 55 los lesionados con discapacidad total que desean realizar los ex\u00e1menes con el apoyo del Proyecto \u201cHerido de la Patria\u201d, y se distribuyen por las provincias de Deraa, Alepo, Latakia, Hama, Homs, Tartus, Sweida y Damasco y su campo.<\/p>\n<p style=\"text-align: justify;\">El equipo del Proyecto \u201cHerido de la Patria\u201d transporta a los lesionados a los centros de examen y con antelaci\u00f3n coordina con el Ministerio de Educaci\u00f3n para que ellos se presenten a los ex\u00e1menes en centros espec\u00edficos adecuados para su estado de salud.<\/p>\n<p style=\"text-align: justify;\">El proyecto \u201cHerido de la Patria\u201d proporciona todo el apoyo y asistencia t\u00e9cnica y educativa a los heridos que deseen completar sus carreras educativas y acompa\u00f1arlos en todos los niveles escolares e incluso universitarios y tambi\u00e9n darles seguimiento en el mercado laboral.<\/p>\n<p style=\"text-align: justify;\">Seg\u00fan el Ministerio de Educaci\u00f3n, los ex\u00e1menes de Educaci\u00f3n B\u00e1sica comienzan este domingo 30 de mayo 2021 y terminar\u00e1n el mi\u00e9rcoles 16 junio 2021<\/p>\n<p style=\"text-align: justify;\"><span style=\"color: #0000ff;\"><strong>ah\/rsh<\/strong><\/span><\/p>\n","protected":false},"excerpt":{"rendered":"<p>Damasco, SANA Decenas de lesionados de todas las provincias sirias comenzar\u00e1n ma\u00f1ana 30 de mayo a presentarse a los ex\u00e1menes de educaci\u00f3n b\u00e1sica despu\u00e9s de un a\u00f1o escolar lleno de desaf\u00edos y esfuerzo por el logro educativo. Son 55 los lesionados con discapacidad total que desean realizar los ex\u00e1menes con el apoyo del Proyecto \u201cHerido &hellip;<\/p>\n","protected":false},"author":30,"featured_media":182751,"comment_status":"closed","ping_status":"closed","sticky":false,"template":"","format":"standard","meta":{"footnotes":""},"categories":[597,476,7541],"tags":[19130],"class_list":["post-182750","post","type-post","status-publish","format-standard","has-post-thumbnail","","category-cinta-de-noticias","category-locales","category-ultimas-noticias","tag-decenas-de-heridos-de-guerra-comenzaran-manana-examenes-de-educacion-basica"],"_links":{"self":[{"href":"https:\/\/archive.sana.sy\/es\/index.php?rest_route=\/wp\/v2\/posts\/182750"}],"collection":[{"href":"https:\/\/archive.sana.sy\/es\/index.php?rest_route=\/wp\/v2\/posts"}],"about":[{"href":"https:\/\/archive.sana.sy\/es\/index.php?rest_route=\/wp\/v2\/types\/post"}],"author":[{"embeddable":true,"href":"https:\/\/archive.sana.sy\/es\/index.php?rest_route=\/wp\/v2\/users\/30"}],"replies":[{"embeddable":true,"href":"https:\/\/archive.sana.sy\/es\/index.php?rest_route=%2Fwp%2Fv2%2Fcomments&post=182750"}],"version-history":[{"count":0,"href":"https:\/\/archive.sana.sy\/es\/index.php?rest_route=\/wp\/v2\/posts\/182750\/revisions"}],"wp:featuredmedia":[{"embeddable":true,"href":"https:\/\/archive.sana.sy\/es\/index.php?rest_route=\/wp\/v2\/media\/182751"}],"wp:attachment":[{"href":"https:\/\/archive.sana.sy\/es\/index.php?rest_route=%2Fwp%2Fv2%2Fmedia&parent=182750"}],"wp:term":[{"taxonomy":"category","embeddable":true,"href":"https:\/\/archive.sana.sy\/es\/index.php?rest_route=%2Fwp%2Fv2%2Fcategories&post=182750"},{"taxonomy":"post_tag","embeddable":true,"href":"https:\/\/archive.sana.sy\/es\/index.php?rest_route=%2Fwp%2Fv2%2Ftags&post=182750"}],"curies":[{"name":"wp","href":"https:\/\/api.w.org\/{rel}","templated":true}]}}