{"id":182850,"date":"2021-05-30T09:31:10","date_gmt":"2021-05-30T06:31:10","guid":{"rendered":"http:\/\/107.6.182.27\/es\/?p=182850"},"modified":"2021-05-30T09:38:16","modified_gmt":"2021-05-30T06:38:16","slug":"resumen-semanal-de-las-noticias-mas-destacadas-publicadas-por-sana","status":"publish","type":"post","link":"https:\/\/archive.sana.sy\/es\/?p=182850","title":{"rendered":"Resumen semanal de las noticias econ\u00f3micas m\u00e1s destacadas publicadas por SANA"},"content":{"rendered":"<p><strong><span style=\"color: #800000;\">Provincias, SANA<\/span><\/strong><\/p>\n<p><strong><span style=\"color: #333333;\">A continuaci\u00f3n, noticias econ\u00f3micas y de otros campos en Siria en la semana reci\u00e9n transcurrida:<\/span><\/strong><\/p>\n<p><strong><span style=\"color: #0000ff;\">300 empresas nacionales y extranjeras participan en las ferias especializadas de Siria<\/span><\/strong><\/p>\n<p>Con la participaci\u00f3n de m\u00e1s de 300 empresas locales y extranjeras, arrancaron en el recinto ferial de Expo-Damasco, las ferias sirias especializadas en construcci\u00f3n, industria, agua, electricidad y energ\u00edas renovables.<\/p>\n<p>Los eventos est\u00e1n organizados por la Fundaci\u00f3n Tayara para Exposiciones y Conferencias Internacionales en cooperaci\u00f3n con los ministerios de Industria y de Obras P\u00fablicas y Vivienda, y con el apoyo de la Federaci\u00f3n de C\u00e1maras de Comercio de Siria, el Sindicato de Ingenieros y la C\u00e1mara de Industria de Damasco y su campo<\/p>\n<p>Incluyen la Feria Siria Internacional de Edificaci\u00f3n, Construcci\u00f3n e Infraestructura \u201cTanko Build\u201d, la Feria Siria de Trabajos de Electromec\u00e1nica, Refrigeraci\u00f3n, Aire Acondicionado, Calefacci\u00f3n y Ventilaci\u00f3n, \u201cSyria Map\u201d, la Exposici\u00f3n Industrial Internacional \u201cSYNEX\u201d para maquinaria y equipos industriales, l\u00edneas de producci\u00f3n, envases y pl\u00e1sticos, adem\u00e1s del pabell\u00f3n \u201cSyria Energy\u201d de Energ\u00eda, Electricidad y Automatizaci\u00f3n Industrial y el pabell\u00f3n \u201cWATEX\u201d para obras hidr\u00e1ulicas.<\/p>\n<p>El ministro de Obras P\u00fablicas y Vivienda, Suhail Abdul Latif, dijo a los periodistas que las ferias se enmarcan en el esfuerzo del gobierno de prepararse para la fase de reconstrucci\u00f3n y sentar las bases adecuadas para su lanzamiento.<\/p>\n<p>Destac\u00f3 la gran diversidad en las especializaciones de las empresas sirias locales y las de pa\u00edses amigos, especialmente las empresas iran\u00edes que ser\u00e1n socios en las obras de reconstrucci\u00f3n en Siria durante la pr\u00f3xima etapa.<\/p>\n<p>A su vez, el ministro de Industria, Ziad Al-Sabbagh, resalt\u00f3 la importancia de las ferias para dar a conocer a los consumidores los productos nacionales y de pa\u00edses amigos, que muestran el inicio de la fase de recuperaci\u00f3n de la industria siria.<\/p>\n<p>Por su parte, el embajador iran\u00ed en Damasco, Mahdi Sobhani, indic\u00f3 que la participaci\u00f3n de 34 empresas iran\u00edes en este evento es la mejor prueba del gran deseo de las empresas iran\u00edes de estar presentes en el mercado sirio y contribuir a la fase de reconstrucci\u00f3n y lograr desarrollo econ\u00f3mico en Siria.<\/p>\n<p><strong><span style=\"color: #0000ff;\">Una ciudad industrial ser\u00e1 construida en Hama<\/span><\/strong><\/p>\n<p>El Comit\u00e9 Ministerial encargado de los proyectos de servicios y de desarrollo en la provincia de Hama debati\u00f3 con los directores de las instituciones pertinentes, la realidad de la ejecuci\u00f3n de los proyectos y los mecanismos para mejorar la realidad econ\u00f3mica y de servicios.<\/p>\n<p>Los participantes en la reuni\u00f3n, que se celebr\u00f3 en la Alcald\u00eda de Hama, acordaron la creaci\u00f3n de una ciudad industrial all\u00ed para impulsar el desarrollo en la provincia.<\/p>\n<p>Asimismo, el Ministerio de Administraci\u00f3n Local y Medio Ambiente aprob\u00f3 la asignaci\u00f3n de 90 hect\u00e1reas en el municipio de Salamieh y comenzar la construcci\u00f3n de infraestructuras para la nueva ciudad industrial.<\/p>\n<p><strong><span style=\"color: #0000ff;\">Conversaciones sirio-iran\u00edes para impulsar relaciones comerciales e industriales<\/span><\/strong><\/p>\n<p>El Secretario del Comit\u00e9 para Desarrollo de Relaciones Comerciales Sirio-iran\u00edes, Hassan Danae Far, repas\u00f3 con una delegaci\u00f3n econ\u00f3mica siria que visita a Teher\u00e1n, las perspectivas de desarrollar las relaciones comerciales e industriales entre los dos pa\u00edses.<\/p>\n<p>Danae Far destac\u00f3 el inter\u00e9s de su pa\u00eds en garantizar la infraestructura necesaria para fortalecer y desarrollar esas relaciones en diversos campos y enfatiz\u00f3 la necesidad de establecer un cronograma para la implementaci\u00f3n de lo acordado aprovechando las capacidades disponibles en ambos lados.<\/p>\n<p>\u201cHay cuestiones importantes como el trueque de bienes que dispone cada parte, crear una empresa comercial conjunta entre las dos partes y abrir una tienda de Ir\u00e1n en Siria y una tienda siria en Ir\u00e1n\u201d, explic\u00f3.<\/p>\n<p>A\u00f1adi\u00f3 que adem\u00e1s de organizar ferias comerciales en Siria e Ir\u00e1n para exhibir los productos de los dos pa\u00edses, hay varios contratos firmados entre las dos partes.<\/p>\n<p><strong><span style=\"color: #0000ff;\">El funcionario reiter\u00f3 el apoyo de su pa\u00eds a cada paso que mejore la cooperaci\u00f3n comercial e industrial conjunta.<\/span><\/strong><\/p>\n<p>La delegaci\u00f3n siria est\u00e1 compuesta por los viceministros de Comercio Interior y de Industria, y a los directores generales de las empresas de Comercio y de Industrias Textiles.<\/p>\n<p>Ministerio de Cultura lanza primer concurso musical para j\u00f3venes<\/p>\n<p>El Ministerio de Cultura de Siria lanz\u00f3 el primer concurso musical para j\u00f3venes de 13 a 17 a\u00f1os que tocan la\u00fad, Qanun, viol\u00edn e instrumentos de Viento.<\/p>\n<p>El concurso de m\u00fasica contar\u00e1 con la participaci\u00f3n de todos los j\u00f3venes que se inscriban para el mismo y los ganadores de los primeros tres puestos recibir\u00e1n recompensas monetarias.<\/p>\n<p><span style=\"color: #0000ff;\"><strong>Siria gana tres precias en Campeonato \u00c1rabe de Tiro con Arco en Bagdad<\/strong><\/span><\/p>\n<p>Tres atletas sirios lograron tres medallas (una de plata y dos de bronce) en la disciplina de Tiro con Arco en el Campeonato \u00c1rabe que concluy\u00f3 este s\u00e1bado en la capital iraqu\u00ed, Bagdad.<\/p>\n<p>Participaron en esta cita deportiva, atletas de Siria, Irak, Marruecos, T\u00fanez, Libia, Sud\u00e1n, Argelia, Kuwait y Arabia Saudita.<\/p>\n<p>La plateada la obtuvo r Mohammad Zakrak por categor\u00eda S\u00e9nior Hombres en prueba individual, mientras la de bronce la mereci\u00f3 Kholoud Farousi por S\u00e9nior Mujeres\/individual.<\/p>\n<p>Tambi\u00e9n, Zakrak y Farousi obtuvieron una medalla de bronce por categor\u00eda Equipos.<\/p>\n<p>&nbsp;<\/p>\n","protected":false},"excerpt":{"rendered":"<p>Provincias, SANA A continuaci\u00f3n, noticias econ\u00f3micas y de otros campos en Siria en la semana reci\u00e9n transcurrida: 300 empresas nacionales y extranjeras participan en las ferias especializadas de Siria Con la participaci\u00f3n de m\u00e1s de 300 empresas locales y extranjeras, arrancaron en el recinto ferial de Expo-Damasco, las ferias sirias especializadas en construcci\u00f3n, industria, agua, &hellip;<\/p>\n","protected":false},"author":32,"featured_media":182852,"comment_status":"closed","ping_status":"closed","sticky":false,"template":"","format":"standard","meta":{"footnotes":""},"categories":[477,597,476,7541],"tags":[],"class_list":["post-182850","post","type-post","status-publish","format-standard","has-post-thumbnail","","category-noticias-edulcorantes","category-cinta-de-noticias","category-locales","category-ultimas-noticias"],"_links":{"self":[{"href":"https:\/\/archive.sana.sy\/es\/index.php?rest_route=\/wp\/v2\/posts\/182850"}],"collection":[{"href":"https:\/\/archive.sana.sy\/es\/index.php?rest_route=\/wp\/v2\/posts"}],"about":[{"href":"https:\/\/archive.sana.sy\/es\/index.php?rest_route=\/wp\/v2\/types\/post"}],"author":[{"embeddable":true,"href":"https:\/\/archive.sana.sy\/es\/index.php?rest_route=\/wp\/v2\/users\/32"}],"replies":[{"embeddable":true,"href":"https:\/\/archive.sana.sy\/es\/index.php?rest_route=%2Fwp%2Fv2%2Fcomments&post=182850"}],"version-history":[{"count":0,"href":"https:\/\/archive.sana.sy\/es\/index.php?rest_route=\/wp\/v2\/posts\/182850\/revisions"}],"wp:featuredmedia":[{"embeddable":true,"href":"https:\/\/archive.sana.sy\/es\/index.php?rest_route=\/wp\/v2\/media\/182852"}],"wp:attachment":[{"href":"https:\/\/archive.sana.sy\/es\/index.php?rest_route=%2Fwp%2Fv2%2Fmedia&parent=182850"}],"wp:term":[{"taxonomy":"category","embeddable":true,"href":"https:\/\/archive.sana.sy\/es\/index.php?rest_route=%2Fwp%2Fv2%2Fcategories&post=182850"},{"taxonomy":"post_tag","embeddable":true,"href":"https:\/\/archive.sana.sy\/es\/index.php?rest_route=%2Fwp%2Fv2%2Ftags&post=182850"}],"curies":[{"name":"wp","href":"https:\/\/api.w.org\/{rel}","templated":true}]}}