{"id":182856,"date":"2021-05-30T11:32:10","date_gmt":"2021-05-30T08:32:10","guid":{"rendered":"http:\/\/107.6.182.27\/es\/?p=182856"},"modified":"2021-05-30T12:40:52","modified_gmt":"2021-05-30T09:40:52","slug":"ministerio-de-exteriores-de-siria-condena-en-los-terminos-mas-energicos-las-sistematicas-acciones-hostiles-contra-la-republica-de-bielorrusia-y-la-injerencia-en-sus-asuntos-por-parte-de-estados-unidos","status":"publish","type":"post","link":"https:\/\/archive.sana.sy\/es\/?p=182856","title":{"rendered":"Ministerio de Exteriores de Siria condena en los t\u00e9rminos m\u00e1s en\u00e9rgicos las sistem\u00e1ticas acciones hostiles contra la Rep\u00fablica de Bielorrusia y la injerencia en sus asuntos por parte de Estados Unidos y sus herramientas los pa\u00edses occidentales."},"content":{"rendered":"","protected":false},"excerpt":{"rendered":"","protected":false},"author":32,"featured_media":0,"comment_status":"closed","ping_status":"closed","sticky":false,"template":"","format":"standard","meta":{"footnotes":""},"categories":[1],"tags":[],"class_list":["post-182856","post","type-post","status-publish","format-standard","","category-news-not-sorted"],"_links":{"self":[{"href":"https:\/\/archive.sana.sy\/es\/index.php?rest_route=\/wp\/v2\/posts\/182856"}],"collection":[{"href":"https:\/\/archive.sana.sy\/es\/index.php?rest_route=\/wp\/v2\/posts"}],"about":[{"href":"https:\/\/archive.sana.sy\/es\/index.php?rest_route=\/wp\/v2\/types\/post"}],"author":[{"embeddable":true,"href":"https:\/\/archive.sana.sy\/es\/index.php?rest_route=\/wp\/v2\/users\/32"}],"replies":[{"embeddable":true,"href":"https:\/\/archive.sana.sy\/es\/index.php?rest_route=%2Fwp%2Fv2%2Fcomments&post=182856"}],"version-history":[{"count":0,"href":"https:\/\/archive.sana.sy\/es\/index.php?rest_route=\/wp\/v2\/posts\/182856\/revisions"}],"wp:attachment":[{"href":"https:\/\/archive.sana.sy\/es\/index.php?rest_route=%2Fwp%2Fv2%2Fmedia&parent=182856"}],"wp:term":[{"taxonomy":"category","embeddable":true,"href":"https:\/\/archive.sana.sy\/es\/index.php?rest_route=%2Fwp%2Fv2%2Fcategories&post=182856"},{"taxonomy":"post_tag","embeddable":true,"href":"https:\/\/archive.sana.sy\/es\/index.php?rest_route=%2Fwp%2Fv2%2Ftags&post=182856"}],"curies":[{"name":"wp","href":"https:\/\/api.w.org\/{rel}","templated":true}]}}