{"id":182940,"date":"2021-05-30T19:49:26","date_gmt":"2021-05-30T16:49:26","guid":{"rendered":"http:\/\/107.6.182.27\/es\/?p=182940"},"modified":"2023-01-12T14:41:09","modified_gmt":"2023-01-12T12:41:09","slug":"erdogan-debe-ser-juzgado-por-apoyar-a-organizaciones-terroristas-en-siria-afirma-periodista-turco","status":"publish","type":"post","link":"https:\/\/archive.sana.sy\/es\/?p=182940","title":{"rendered":"Erdo\u011fan debe ser juzgado por apoyar a organizaciones terroristas en Siria, afirma periodista turco"},"content":{"rendered":"<p style=\"text-align: justify;\"><span style=\"color: #800000;\"><strong>Ankara, SANA<\/strong><\/span><\/p>\n<p style=\"text-align: justify;\">El ex jefe de redacci\u00f3n del peri\u00f3dico turco Cumhuriyet, Can D\u00fcndar, subray\u00f3 la necesidad de juzgar al presidente del r\u00e9gimen turco, Recep Tayyip Erdo\u011fan, por apoyar a organizaciones hostiles a Siria.<\/p>\n<p style=\"text-align: justify;\">&#8221; Erdo\u011fan me acus\u00f3 junto a otras personas de traici\u00f3n nacional, espionaje y colaboracionismo porque descubrimos el caso de los camiones pertenecientes al servicio de inteligencia turco que se dirig\u00edan a Siria cargados con armas para ser entregadas a organizaciones terroristas&#8221;, dijo D\u00fcndar en su cuenta de redes sociales, subrayando que Erdo\u011fan deber\u00eda ser juzgado por este y otros casos.<\/p>\n<p style=\"text-align: justify;\">D\u00fcndar dijo que m\u00e1s hechos revelan el papel de Erdo\u011fan en el apoyo a los terroristas en Siria, se\u00f1alando las confesiones hechas por el l\u00edder de la mafia Sadat Bakar, quien es cercano a Erdo\u011fan, sobre el transporte de armas y equipo militar a estos elementos, incluidos del Frente al-Nusra (rama de al-Qaeda) bajo la supervisi\u00f3n de funcionarios cercanos a Erdo\u011fan.<\/p>\n<p style=\"text-align: justify;\">La agencia de noticias turca Anadolu despidi\u00f3 a principios de este mes a un periodista despu\u00e9s de hacer una pregunta embarazosa sobre el esc\u00e1ndalo de la relaci\u00f3n entre el l\u00edder de mafia Sadat Bakar, quien es cercano a Erdo\u011fan, y el ministro del Interior del r\u00e9gimen turco, S\u00fcleyman Soylu.<\/p>\n<p style=\"text-align: justify;\">Desde hace tres semanas, Turqu\u00eda esta viviendo al ritmo de videos publicados en Twitter por el l\u00edder mafioso Bakr que exponen su relaci\u00f3n con funcionarios del r\u00e9gimen turco, incluido Soylu, y la participaci\u00f3n de miembros del gobernante Partido de la Justicia y el Desarrollo (AKP) en cr\u00edmenes y casos de corrupci\u00f3n.<\/p>\n<p style=\"text-align: justify;\">El r\u00e9gimen de Erdo\u011fan conden\u00f3 al escritor y periodista D\u00fcndar a cinco a\u00f1os y 10 meses de prisi\u00f3n en mayo de 2016 por cargos de &#8220;espionaje y revelaci\u00f3n de secretos de Estado&#8221; despu\u00e9s de que ese publicara im\u00e1genes que revelan que la agencia de inteligencia turca enviaba camiones de armas a organizaciones armadas en Siria mientras era editor en jefe del peri\u00f3dico Cumhuriyet.<\/p>\n<p style=\"text-align: justify;\"><span style=\"color: #0000ff;\"><strong>ah\/rsh<\/strong><\/span><\/p>\n","protected":false},"excerpt":{"rendered":"<p>Ankara, SANA El ex jefe de redacci\u00f3n del peri\u00f3dico turco Cumhuriyet, Can D\u00fcndar, subray\u00f3 la necesidad de juzgar al presidente del r\u00e9gimen turco, Recep Tayyip Erdo\u011fan, por apoyar a organizaciones hostiles a Siria. &#8221; Erdo\u011fan me acus\u00f3 junto a otras personas de traici\u00f3n nacional, espionaje y colaboracionismo porque descubrimos el caso de los camiones pertenecientes &hellip;<\/p>\n","protected":false},"author":30,"featured_media":182941,"comment_status":"closed","ping_status":"closed","sticky":false,"template":"","format":"standard","meta":{"footnotes":""},"categories":[597,456],"tags":[19135,19134],"class_list":["post-182940","post","type-post","status-publish","format-standard","has-post-thumbnail","","category-cinta-de-noticias","category-arabe-internacional-politica","tag-afirma-periodista-turco","tag-erdogan-debe-ser-juzgado-por-apoyar-a-organizaciones-terroristas-en-siria"],"_links":{"self":[{"href":"https:\/\/archive.sana.sy\/es\/index.php?rest_route=\/wp\/v2\/posts\/182940"}],"collection":[{"href":"https:\/\/archive.sana.sy\/es\/index.php?rest_route=\/wp\/v2\/posts"}],"about":[{"href":"https:\/\/archive.sana.sy\/es\/index.php?rest_route=\/wp\/v2\/types\/post"}],"author":[{"embeddable":true,"href":"https:\/\/archive.sana.sy\/es\/index.php?rest_route=\/wp\/v2\/users\/30"}],"replies":[{"embeddable":true,"href":"https:\/\/archive.sana.sy\/es\/index.php?rest_route=%2Fwp%2Fv2%2Fcomments&post=182940"}],"version-history":[{"count":0,"href":"https:\/\/archive.sana.sy\/es\/index.php?rest_route=\/wp\/v2\/posts\/182940\/revisions"}],"wp:featuredmedia":[{"embeddable":true,"href":"https:\/\/archive.sana.sy\/es\/index.php?rest_route=\/wp\/v2\/media\/182941"}],"wp:attachment":[{"href":"https:\/\/archive.sana.sy\/es\/index.php?rest_route=%2Fwp%2Fv2%2Fmedia&parent=182940"}],"wp:term":[{"taxonomy":"category","embeddable":true,"href":"https:\/\/archive.sana.sy\/es\/index.php?rest_route=%2Fwp%2Fv2%2Fcategories&post=182940"},{"taxonomy":"post_tag","embeddable":true,"href":"https:\/\/archive.sana.sy\/es\/index.php?rest_route=%2Fwp%2Fv2%2Ftags&post=182940"}],"curies":[{"name":"wp","href":"https:\/\/api.w.org\/{rel}","templated":true}]}}