{"id":182952,"date":"2021-05-30T20:11:02","date_gmt":"2021-05-30T17:11:02","guid":{"rendered":"http:\/\/107.6.182.27\/es\/?p=182952"},"modified":"2023-01-12T14:41:09","modified_gmt":"2023-01-12T12:41:09","slug":"detenciones-y-lesiones-durante-la-dispersion-de-concentraciones-en-ciudades-alemanas","status":"publish","type":"post","link":"https:\/\/archive.sana.sy\/es\/?p=182952","title":{"rendered":"Detenciones y lesiones durante la dispersi\u00f3n de concentraciones en ciudades alemanas"},"content":{"rendered":"<p style=\"text-align: justify;\"><span style=\"color: #800000;\"><strong>Berl\u00edn, SANA<\/strong><\/span><\/p>\n<p style=\"text-align: justify;\">Varios oficiales de polic\u00eda alemana resultaron heridos hoy en diferentes ciudades del pa\u00eds germano cuando al dispersar concentraciones que violan las reglas del embargo impuesto para hacer frente a la propagaci\u00f3n del Coronavirus.<\/p>\n<p style=\"text-align: justify;\">El diario alem\u00e1n Bild divulg\u00f3 que cinco polic\u00edas resultaron heridos en Stuttgart mientras dispersaban a una concentraci\u00f3n, al tiempo que seis personas fueron detenidas tras los disturbios en la ciudad.<\/p>\n<p style=\"text-align: justify;\">En Hamburgo, la polic\u00eda detuvo a varios amotinadores despu\u00e9s de dispersar a unas mil 300 personas que participaban en una ruidosa fiesta, mientras que la capital Berl\u00edn atestigu\u00f3 enfrentamientos entre varios participantes en una concentraci\u00f3n y la polic\u00eda.<\/p>\n<p style=\"text-align: justify;\"><span style=\"color: #0000ff;\"><strong>ah\/rsh<\/strong><\/span><\/p>\n","protected":false},"excerpt":{"rendered":"<p>Berl\u00edn, SANA Varios oficiales de polic\u00eda alemana resultaron heridos hoy en diferentes ciudades del pa\u00eds germano cuando al dispersar concentraciones que violan las reglas del embargo impuesto para hacer frente a la propagaci\u00f3n del Coronavirus. El diario alem\u00e1n Bild divulg\u00f3 que cinco polic\u00edas resultaron heridos en Stuttgart mientras dispersaban a una concentraci\u00f3n, al tiempo que &hellip;<\/p>\n","protected":false},"author":30,"featured_media":182954,"comment_status":"closed","ping_status":"closed","sticky":false,"template":"","format":"standard","meta":{"footnotes":""},"categories":[597,456],"tags":[19136],"class_list":["post-182952","post","type-post","status-publish","format-standard","has-post-thumbnail","","category-cinta-de-noticias","category-arabe-internacional-politica","tag-detenciones-y-lesiones-durante-la-dispersion-de-concentraciones-en-ciudades-alemanas"],"_links":{"self":[{"href":"https:\/\/archive.sana.sy\/es\/index.php?rest_route=\/wp\/v2\/posts\/182952"}],"collection":[{"href":"https:\/\/archive.sana.sy\/es\/index.php?rest_route=\/wp\/v2\/posts"}],"about":[{"href":"https:\/\/archive.sana.sy\/es\/index.php?rest_route=\/wp\/v2\/types\/post"}],"author":[{"embeddable":true,"href":"https:\/\/archive.sana.sy\/es\/index.php?rest_route=\/wp\/v2\/users\/30"}],"replies":[{"embeddable":true,"href":"https:\/\/archive.sana.sy\/es\/index.php?rest_route=%2Fwp%2Fv2%2Fcomments&post=182952"}],"version-history":[{"count":0,"href":"https:\/\/archive.sana.sy\/es\/index.php?rest_route=\/wp\/v2\/posts\/182952\/revisions"}],"wp:featuredmedia":[{"embeddable":true,"href":"https:\/\/archive.sana.sy\/es\/index.php?rest_route=\/wp\/v2\/media\/182954"}],"wp:attachment":[{"href":"https:\/\/archive.sana.sy\/es\/index.php?rest_route=%2Fwp%2Fv2%2Fmedia&parent=182952"}],"wp:term":[{"taxonomy":"category","embeddable":true,"href":"https:\/\/archive.sana.sy\/es\/index.php?rest_route=%2Fwp%2Fv2%2Fcategories&post=182952"},{"taxonomy":"post_tag","embeddable":true,"href":"https:\/\/archive.sana.sy\/es\/index.php?rest_route=%2Fwp%2Fv2%2Ftags&post=182952"}],"curies":[{"name":"wp","href":"https:\/\/api.w.org\/{rel}","templated":true}]}}