{"id":182957,"date":"2021-05-30T20:18:48","date_gmt":"2021-05-30T17:18:48","guid":{"rendered":"http:\/\/107.6.182.27\/es\/?p=182957"},"modified":"2023-01-10T14:28:28","modified_gmt":"2023-01-10T12:28:28","slug":"fuerzas-sionistas-atropellan-un-nino-palestino-en-jerusalen-ocupada","status":"publish","type":"post","link":"https:\/\/archive.sana.sy\/es\/?p=182957","title":{"rendered":"Fuerzas sionistas atropellan un ni\u00f1o palestino en Jerusal\u00e9n Ocupada"},"content":{"rendered":"<p style=\"text-align: justify;\"><span style=\"color: #800000;\"><strong>Jerusal\u00e9n Ocupada, SANA<\/strong><\/span><\/p>\n<p style=\"text-align: justify;\">Un ni\u00f1o palestino result\u00f3 herido al ser atropellado de un veh\u00edculo de las fuerzas de ocupaci\u00f3n israel\u00edes en el barrio Ras al-Amud en la ciudad de Silwan, en Jerusal\u00e9n ocupada.<\/p>\n<p style=\"text-align: justify;\">La agencia palestina de noticias Wafa inform\u00f3 que un veh\u00edculo de las fuerzas de ocupaci\u00f3n sionista persigui\u00f3 a un ni\u00f1o palestino que estaba en su bicicleta y despu\u00e9s lo atropell\u00f3, lo cual le provoc\u00f3 graves lesiones.<\/p>\n<p style=\"text-align: justify;\">Las fuerzas de ocupaci\u00f3n contin\u00faan con sus pr\u00e1cticas represivas contra los palestinos al atacarlos en sus ciudades y pueblos con el objetivo de desplazarlos y apoderarse de sus propiedades.<\/p>\n<p style=\"text-align: justify;\"><span style=\"color: #0000ff;\"><strong>sm\/fm<\/strong><\/span><\/p>\n","protected":false},"excerpt":{"rendered":"<p>Jerusal\u00e9n Ocupada, SANA Un ni\u00f1o palestino result\u00f3 herido al ser atropellado de un veh\u00edculo de las fuerzas de ocupaci\u00f3n israel\u00edes en el barrio Ras al-Amud en la ciudad de Silwan, en Jerusal\u00e9n ocupada. La agencia palestina de noticias Wafa inform\u00f3 que un veh\u00edculo de las fuerzas de ocupaci\u00f3n sionista persigui\u00f3 a un ni\u00f1o palestino que &hellip;<\/p>\n","protected":false},"author":39,"featured_media":182958,"comment_status":"closed","ping_status":"closed","sticky":false,"template":"","format":"standard","meta":{"footnotes":""},"categories":[447,597,456,457],"tags":[],"class_list":["post-182957","post","type-post","status-publish","format-standard","has-post-thumbnail","","category-local-politica","category-cinta-de-noticias","category-arabe-internacional-politica","category-noticias-arabe-internacional-politica"],"_links":{"self":[{"href":"https:\/\/archive.sana.sy\/es\/index.php?rest_route=\/wp\/v2\/posts\/182957"}],"collection":[{"href":"https:\/\/archive.sana.sy\/es\/index.php?rest_route=\/wp\/v2\/posts"}],"about":[{"href":"https:\/\/archive.sana.sy\/es\/index.php?rest_route=\/wp\/v2\/types\/post"}],"author":[{"embeddable":true,"href":"https:\/\/archive.sana.sy\/es\/index.php?rest_route=\/wp\/v2\/users\/39"}],"replies":[{"embeddable":true,"href":"https:\/\/archive.sana.sy\/es\/index.php?rest_route=%2Fwp%2Fv2%2Fcomments&post=182957"}],"version-history":[{"count":0,"href":"https:\/\/archive.sana.sy\/es\/index.php?rest_route=\/wp\/v2\/posts\/182957\/revisions"}],"wp:featuredmedia":[{"embeddable":true,"href":"https:\/\/archive.sana.sy\/es\/index.php?rest_route=\/wp\/v2\/media\/182958"}],"wp:attachment":[{"href":"https:\/\/archive.sana.sy\/es\/index.php?rest_route=%2Fwp%2Fv2%2Fmedia&parent=182957"}],"wp:term":[{"taxonomy":"category","embeddable":true,"href":"https:\/\/archive.sana.sy\/es\/index.php?rest_route=%2Fwp%2Fv2%2Fcategories&post=182957"},{"taxonomy":"post_tag","embeddable":true,"href":"https:\/\/archive.sana.sy\/es\/index.php?rest_route=%2Fwp%2Fv2%2Ftags&post=182957"}],"curies":[{"name":"wp","href":"https:\/\/api.w.org\/{rel}","templated":true}]}}