{"id":18304,"date":"2015-02-22T15:47:46","date_gmt":"2015-02-22T13:47:46","guid":{"rendered":"http:\/\/www.sana.sy\/es\/?p=18304"},"modified":"2023-01-10T15:17:25","modified_gmt":"2023-01-10T13:17:25","slug":"primer-ministro-la-realizacion-de-la-seguridad-farmacologica-en-siria-es-una-decision-nacional-estrategica","status":"publish","type":"post","link":"https:\/\/archive.sana.sy\/es\/?p=18304","title":{"rendered":"Primer Ministro: la realizaci\u00f3n de la seguridad farmacol\u00f3gica en Siria es una decisi\u00f3n nacional estrat\u00e9gica"},"content":{"rendered":"<p>Damasco, SANA<\/p>\n<p>El primer ministro, Wael al-Halqui se reuni\u00f3 hoy domingo con el Presidente y los miembros del Colegio de Farmac\u00e9uticos.<\/p>\n<p>Durante la reuni\u00f3n, el jefe del Ejecutivo enfatiz\u00f3 que la realizaci\u00f3n de la seguridad farmacol\u00f3gica en Siria es una decisi\u00f3n nacional estrat\u00e9gica por parte del gobierno que ha adoptado varias decisiones y facilitaciones para resucitar la industria farmac\u00e9utica siria tanto a nivel local como internacional.<\/p>\n<p>Al-Halqui hizo hincapi\u00e9 en el inter\u00e9s del gobierno en asegurar todas las necesidades de la industria farmac\u00e9utica a fin de satisfacer la demanda del mercado local y limitar el agotamiento de divisas que supone la importaci\u00f3n de medicamentos y productos farmac\u00e9uticos.<\/p>\n<p>El Primer Ministro manifest\u00f3 la disposici\u00f3n del gobierno de apoyar los proyectos del Colegio de Farmac\u00e9uticos, haciendo hincapi\u00e9 en el papel del mismo en patrocinar las investigaciones medicinales y m\u00e9dicas, y en la producci\u00f3n de nuevos tipos de medicamentos, especialmente los medicamentos relacionados con las enfermedades especiales.<\/p>\n<p>Asimismo, el jefe del gabinete recalc\u00f3 en la necesidad de controlar los medicamentos que se venden en el mercado, y de crear una reserva estrat\u00e9gica de medicamentos, sobre todo los especiales a trav\u00e9s de su importaci\u00f3n de los pa\u00edses amigos.<\/p>\n<p>Al-Halqui llam\u00f3 a los colegios a jugar un papel en la vida pol\u00edtica y social, as\u00ed como participar en el fortalecimiento de las reconciliaciones nacionales.<\/p>\n<p>Por su parte, el Presidente del Colegio de Farmac\u00e9uticos elogi\u00f3 los esfuerzos desempe\u00f1ados por el gobierno para reforzar el sector sanitario que se ha mantenido firme pese a las continuas arremetidas en su contra.<\/p>\n<p>Lynn A., Riyad Sh.<\/p>\n","protected":false},"excerpt":{"rendered":"<p>Damasco, SANA El primer ministro, Wael al-Halqui se reuni\u00f3 hoy domingo con el Presidente y los miembros del Colegio de Farmac\u00e9uticos. Durante la reuni\u00f3n, el jefe del Ejecutivo enfatiz\u00f3 que la realizaci\u00f3n de la seguridad farmacol\u00f3gica en Siria es una decisi\u00f3n nacional estrat\u00e9gica por parte del gobierno que ha adoptado varias decisiones y facilitaciones para &hellip;<\/p>\n","protected":false},"author":24,"featured_media":18305,"comment_status":"closed","ping_status":"closed","sticky":false,"template":"","format":"standard","meta":{"footnotes":""},"categories":[477,485,476],"tags":[4168],"class_list":["post-18304","post","type-post","status-publish","format-standard","has-post-thumbnail","","category-noticias-edulcorantes","category-informes-negocios-y-finanzas","category-locales","tag-primer-ministro-la-realizacion-de-la-seguridad-farmacologica-en-siria-es-una-decision-nacional-estrategica"],"_links":{"self":[{"href":"https:\/\/archive.sana.sy\/es\/index.php?rest_route=\/wp\/v2\/posts\/18304"}],"collection":[{"href":"https:\/\/archive.sana.sy\/es\/index.php?rest_route=\/wp\/v2\/posts"}],"about":[{"href":"https:\/\/archive.sana.sy\/es\/index.php?rest_route=\/wp\/v2\/types\/post"}],"author":[{"embeddable":true,"href":"https:\/\/archive.sana.sy\/es\/index.php?rest_route=\/wp\/v2\/users\/24"}],"replies":[{"embeddable":true,"href":"https:\/\/archive.sana.sy\/es\/index.php?rest_route=%2Fwp%2Fv2%2Fcomments&post=18304"}],"version-history":[{"count":0,"href":"https:\/\/archive.sana.sy\/es\/index.php?rest_route=\/wp\/v2\/posts\/18304\/revisions"}],"wp:featuredmedia":[{"embeddable":true,"href":"https:\/\/archive.sana.sy\/es\/index.php?rest_route=\/wp\/v2\/media\/18305"}],"wp:attachment":[{"href":"https:\/\/archive.sana.sy\/es\/index.php?rest_route=%2Fwp%2Fv2%2Fmedia&parent=18304"}],"wp:term":[{"taxonomy":"category","embeddable":true,"href":"https:\/\/archive.sana.sy\/es\/index.php?rest_route=%2Fwp%2Fv2%2Fcategories&post=18304"},{"taxonomy":"post_tag","embeddable":true,"href":"https:\/\/archive.sana.sy\/es\/index.php?rest_route=%2Fwp%2Fv2%2Ftags&post=18304"}],"curies":[{"name":"wp","href":"https:\/\/api.w.org\/{rel}","templated":true}]}}