{"id":18331,"date":"2015-02-23T13:58:10","date_gmt":"2015-02-23T11:58:10","guid":{"rendered":"http:\/\/www.sana.sy\/es\/?p=18331"},"modified":"2015-02-23T13:58:10","modified_gmt":"2015-02-23T11:58:10","slug":"rouhani-no-se-puede-privar-a-ningun-estado-de-sus-derechos-de-obtener-la-tecnologia-de-vanguardia","status":"publish","type":"post","link":"https:\/\/archive.sana.sy\/es\/?p=18331","title":{"rendered":"Rouhani: No se puede privar a ning\u00fan estado de sus derechos de obtener la tecnolog\u00eda de vanguardia"},"content":{"rendered":"<p><span style=\"color: #ff0000\"><strong>Teher\u00e1n, SANA.<\/strong><\/span><\/p>\n<p><strong>El Presidente iran\u00ed Hassan Rouhani afirm\u00f3 que no se puede privar a ning\u00fan estado de su derecho de obtener la tecnolog\u00eda avanzada.<\/strong><\/p>\n<p><strong>Durante su discurso en la inauguraci\u00f3n de la conferencia ministerial para el\u00a0 Movimiento de Pa\u00edses No Alineados para la Ciencia, Tecnolog\u00eda e Innovaci\u00f3n\u00a8 Rouhani dijo que los avances cient\u00edficos y t\u00e9cnicos pueden contrarrestar \u00a0la violencia y el extremismo, la pobreza y la desigualdad\u201d, se\u00f1alando que la ciencia y la tecnolog\u00eda en sus dimensiones positivas son plataforma adecuada para la estabilidad, la seguridad y la paz en el mundo.<\/strong><strong>\u00a0<\/strong><\/p>\n<p><strong>El mismo declar\u00f3 que los pa\u00edses miembros en el Movimientos de Pa\u00edses No Alineados pueden contribuir en reforzar la seguridad y la estabilidad y el equilibrio entre todos los pa\u00edses grandes o peque\u00f1os, adem\u00e1s de potenciar la cooperaci\u00f3n cient\u00edfica entre sus miembros, afirmando que tener acceso a las ciencias y la tecnolog\u00eda figuran entre los derechos primordiales de la humanidad y que no se puede privar a ning\u00fan ciudadano en cualquier estado de llegar a la ciencia moderna.<\/strong><\/p>\n<p><strong>As\u00ed como el presidente iran\u00ed se\u00f1al\u00f3 que su pa\u00eds ejerce su derecho natural a utilizar la energ\u00eda nuclear con fines pac\u00edficos y que enfrentan muchas sanciones y presiones, denunciando el estilo autoritario adoptado por Occidente contra el uso de los pueblos de la energ\u00eda nuclear para fines pac\u00edficos.<\/strong><\/p>\n<p><strong>Rouhani propuso establecer un instituto para las t\u00e9cnicas y las innovaciones cient\u00edficas en Ir\u00e1n para que sean una puente para las actividades cient\u00edficas entre los pa\u00edses miembros en el Movimiento de Pa\u00edses No Alineados.<\/strong><\/p>\n<p><strong>Cabe destacar que empezaron hoy en la capital iran\u00ed las labores de la conferencia ministerial del movimiento de los estados No Alineados para la ciencia, la tecnolog\u00eda, y la innovaci\u00f3n en servicio del desarrollo, con la participaci\u00f3n del ministro de \u00a0Educaci\u00f3n Superior el Dr. Muhammad Amer Mardinhi y ministros y representantes de 88 pa\u00edses con la presencia del embajador sirio en Teher\u00e1n el Dr. Adnan Mahmoud.<\/strong><\/p>\n<p><span style=\"color: #00ccff\">Hala B,M Ryad Sh.<\/span><\/p>\n","protected":false},"excerpt":{"rendered":"<p>Teher\u00e1n, SANA. El Presidente iran\u00ed Hassan Rouhani afirm\u00f3 que no se puede privar a ning\u00fan estado de su derecho de obtener la tecnolog\u00eda avanzada. Durante su discurso en la inauguraci\u00f3n de la conferencia ministerial para el\u00a0 Movimiento de Pa\u00edses No Alineados para la Ciencia, Tecnolog\u00eda e Innovaci\u00f3n\u00a8 Rouhani dijo que los avances cient\u00edficos y t\u00e9cnicos &hellip;<\/p>\n","protected":false},"author":1,"featured_media":18332,"comment_status":"closed","ping_status":"closed","sticky":false,"template":"","format":"standard","meta":{"footnotes":""},"categories":[597,456,576],"tags":[4171],"class_list":["post-18331","post","type-post","status-publish","format-standard","has-post-thumbnail","","category-cinta-de-noticias","category-arabe-internacional-politica","category-noticias-politicas","tag-rouhani-no-se-puede-privar-a-ningun-estado-de-sus-derechos-de-obtener-la-tecnologia-de-vanguardia"],"_links":{"self":[{"href":"https:\/\/archive.sana.sy\/es\/index.php?rest_route=\/wp\/v2\/posts\/18331"}],"collection":[{"href":"https:\/\/archive.sana.sy\/es\/index.php?rest_route=\/wp\/v2\/posts"}],"about":[{"href":"https:\/\/archive.sana.sy\/es\/index.php?rest_route=\/wp\/v2\/types\/post"}],"author":[{"embeddable":true,"href":"https:\/\/archive.sana.sy\/es\/index.php?rest_route=\/wp\/v2\/users\/1"}],"replies":[{"embeddable":true,"href":"https:\/\/archive.sana.sy\/es\/index.php?rest_route=%2Fwp%2Fv2%2Fcomments&post=18331"}],"version-history":[{"count":0,"href":"https:\/\/archive.sana.sy\/es\/index.php?rest_route=\/wp\/v2\/posts\/18331\/revisions"}],"wp:featuredmedia":[{"embeddable":true,"href":"https:\/\/archive.sana.sy\/es\/index.php?rest_route=\/wp\/v2\/media\/18332"}],"wp:attachment":[{"href":"https:\/\/archive.sana.sy\/es\/index.php?rest_route=%2Fwp%2Fv2%2Fmedia&parent=18331"}],"wp:term":[{"taxonomy":"category","embeddable":true,"href":"https:\/\/archive.sana.sy\/es\/index.php?rest_route=%2Fwp%2Fv2%2Fcategories&post=18331"},{"taxonomy":"post_tag","embeddable":true,"href":"https:\/\/archive.sana.sy\/es\/index.php?rest_route=%2Fwp%2Fv2%2Ftags&post=18331"}],"curies":[{"name":"wp","href":"https:\/\/api.w.org\/{rel}","templated":true}]}}