{"id":183397,"date":"2021-06-02T20:15:50","date_gmt":"2021-06-02T17:15:50","guid":{"rendered":"http:\/\/107.6.182.27\/es\/?p=183397"},"modified":"2023-01-10T15:14:14","modified_gmt":"2023-01-10T13:14:14","slug":"183397","status":"publish","type":"post","link":"https:\/\/archive.sana.sy\/es\/?p=183397","title":{"rendered":"Inauguran complejo de silos en zona liberada del terrorismo en Raqa"},"content":{"rendered":"<p style=\"text-align: justify;\"><span style=\"color: #800000;\">Raqa-Alepo, SANA<\/span><\/p>\n<p style=\"text-align: justify;\">Fue inaugurado el complejo de silos de \u201cDebsi Afnan\u201d en el campo liberado de la provincia nororiental de Raqa despu\u00e9s de su rehabilitaci\u00f3n de la destrucci\u00f3n que sufri\u00f3 a manos de los terroristas.<\/p>\n<p style=\"text-align: justify;\">Durante el acto inaugural, el ministro de Comercio Interior y Protecci\u00f3n al Consumidor, Talal Al-Barazi, declar\u00f3 a la prensa que el mismo da cabida a 12 mil toneladas de trigo y est\u00e1 integrado por un grupo de silos que fueron construidos durante los \u00faltimos meses y puestos en servicio hace s\u00f3lo 4 d\u00edas.<\/p>\n<p style=\"text-align: justify;\">Los silos pueden abastecer las zonas rurales de Alepo y Raqa, agreg\u00f3.<\/p>\n<p style=\"text-align: justify;\">Posteriormente, el ministro Barazi inspeccion\u00f3 el Centro de Granos de Maskana en el campo de Alepo.<\/p>\n<p style=\"text-align: justify;\">El jefe del centro, explic\u00f3 que tiene capacidad de m\u00e1s de 50 mil toneladas y fue rehabilitado el a\u00f1o pasado de las afectaciones que sufri\u00f3 por el terrorismo.<\/p>\n<p style=\"text-align: justify;\">Al-Barazi tambi\u00e9n visit\u00f3 el Centro de Cereales Tal Al-Sous en Deir Hafer\/Alepo, que puede almacenar hasta 20 mil toneladas de trigo.<\/p>\n<p style=\"text-align: justify;\"><span style=\"color: #0000ff;\"><em><strong>la\/fm<\/strong><\/em><\/span><\/p>\n","protected":false},"excerpt":{"rendered":"<p>Raqa-Alepo, SANA Fue inaugurado el complejo de silos de \u201cDebsi Afnan\u201d en el campo liberado de la provincia nororiental de Raqa despu\u00e9s de su rehabilitaci\u00f3n de la destrucci\u00f3n que sufri\u00f3 a manos de los terroristas. Durante el acto inaugural, el ministro de Comercio Interior y Protecci\u00f3n al Consumidor, Talal Al-Barazi, declar\u00f3 a la prensa que &hellip;<\/p>\n","protected":false},"author":24,"featured_media":183398,"comment_status":"closed","ping_status":"closed","sticky":false,"template":"","format":"standard","meta":{"footnotes":""},"categories":[597,485,476,7541],"tags":[],"class_list":["post-183397","post","type-post","status-publish","format-standard","has-post-thumbnail","","category-cinta-de-noticias","category-informes-negocios-y-finanzas","category-locales","category-ultimas-noticias"],"_links":{"self":[{"href":"https:\/\/archive.sana.sy\/es\/index.php?rest_route=\/wp\/v2\/posts\/183397"}],"collection":[{"href":"https:\/\/archive.sana.sy\/es\/index.php?rest_route=\/wp\/v2\/posts"}],"about":[{"href":"https:\/\/archive.sana.sy\/es\/index.php?rest_route=\/wp\/v2\/types\/post"}],"author":[{"embeddable":true,"href":"https:\/\/archive.sana.sy\/es\/index.php?rest_route=\/wp\/v2\/users\/24"}],"replies":[{"embeddable":true,"href":"https:\/\/archive.sana.sy\/es\/index.php?rest_route=%2Fwp%2Fv2%2Fcomments&post=183397"}],"version-history":[{"count":0,"href":"https:\/\/archive.sana.sy\/es\/index.php?rest_route=\/wp\/v2\/posts\/183397\/revisions"}],"wp:featuredmedia":[{"embeddable":true,"href":"https:\/\/archive.sana.sy\/es\/index.php?rest_route=\/wp\/v2\/media\/183398"}],"wp:attachment":[{"href":"https:\/\/archive.sana.sy\/es\/index.php?rest_route=%2Fwp%2Fv2%2Fmedia&parent=183397"}],"wp:term":[{"taxonomy":"category","embeddable":true,"href":"https:\/\/archive.sana.sy\/es\/index.php?rest_route=%2Fwp%2Fv2%2Fcategories&post=183397"},{"taxonomy":"post_tag","embeddable":true,"href":"https:\/\/archive.sana.sy\/es\/index.php?rest_route=%2Fwp%2Fv2%2Ftags&post=183397"}],"curies":[{"name":"wp","href":"https:\/\/api.w.org\/{rel}","templated":true}]}}