{"id":183597,"date":"2021-06-03T21:25:16","date_gmt":"2021-06-03T18:25:16","guid":{"rendered":"http:\/\/107.6.182.27\/es\/?p=183597"},"modified":"2021-06-03T21:25:16","modified_gmt":"2021-06-03T18:25:16","slug":"los-intentos-occidentales-de-socavar-las-elecciones-presidenciales-fracasaron-afirma-al-mekdad-a-su-par-omani","status":"publish","type":"post","link":"https:\/\/archive.sana.sy\/es\/?p=183597","title":{"rendered":"Los intentos occidentales de socavar las elecciones presidenciales fracasaron, afirma al-Mekdad a su par oman\u00ed"},"content":{"rendered":"<p style=\"text-align: justify;\"><span style=\"color: #800000;\"><strong>Damasco, SANA<\/strong><\/span><\/p>\n<p style=\"text-align: justify;\">El Ministro de Exteriores y Expatriados, Faisal al-Mekdad, examin\u00f3 hoy, durante una llamada telef\u00f3nica, con su par oman\u00ed Bader bin Hamad Al Busaidi, los desarrollos en la regi\u00f3n y el mundo y, una serie de cuestiones de cooperaci\u00f3n entre los dos pa\u00edses hermanos.<\/p>\n<p style=\"text-align: justify;\">La conversaci\u00f3n abord\u00f3 el seguimiento en curso por parte de los encargados de ambas pa\u00edses para poner en pr\u00e1ctica los resultados de la \u00faltima visita del canciller sirio a Om\u00e1n y el fortalecimiento de las relaciones bilaterales en todos los \u00e1mbitos.<\/p>\n<p style=\"text-align: justify;\">Asimismo, se debati\u00f3 la coordinaci\u00f3n en torno a los acontecimientos pol\u00edticos en los \u00e1mbitos \u00e1rabe e internacional.<\/p>\n<p style=\"text-align: justify;\">Durante la llamada el jefe de diplomacia siria dio a conocer los resultados positivos de las elecciones presidenciales y su celebraci\u00f3n dentro y fuera de Siria.<\/p>\n<p style=\"text-align: justify;\">\u201cLos sirios dentro y fuera de Siria demostraron al mundo que el pueblo sirio est\u00e1 detr\u00e1s del liderazgo del presidente Bashar al-Assad y que los intentos de Occidente de influir negativamente en estas elecciones fracasaron totalmente\u201d, dijo al-Mekdad.<\/p>\n<p style=\"text-align: justify;\">El titular tambi\u00e9n transmiti\u00f3 a su hom\u00f3logo oman\u00ed la finalizaci\u00f3n de los procedimientos legales sirios relacionados con el acuerdo firmado entre los dos pa\u00edses para la exenci\u00f3n mutua respecto a los titulares de pasaportes diplom\u00e1ticos y particulares.<\/p>\n<p style=\"text-align: justify;\">Afirm\u00f3 que el parlamento sirio emiti\u00f3 el pasado martes la ley que ratifica este acuerdo diplom\u00e1tico entre ambas partes.<\/p>\n<p style=\"text-align: justify;\">El canciller al-Mekdad reiter\u00f3 la satisfacci\u00f3n de los sirios con el nivel de cooperaci\u00f3n entre los dos pa\u00edses y la aspiraci\u00f3n de elevar las relaciones bilaterales al nivel de los intereses de los dos pueblos hermanos.<\/p>\n<p style=\"text-align: justify;\">A su vez, el titular oman\u00ed felicit\u00f3 a su hom\u00f3logo sirio por la exitosa celebraci\u00f3n de las elecciones presidenciales y dese\u00f3 que esto propicie el regreso de Siria a desempe\u00f1ar su importante papel en los planos \u00e1rabe e internacional y que la estabilidad prevalezca en todo el territorio sirio.<\/p>\n<p style=\"text-align: justify;\">Los dos ministros acordaron permanecer en constante comunicaci\u00f3n para debatir cuestiones y acontecimientos de inter\u00e9s com\u00fan.<\/p>\n<p style=\"text-align: justify;\"><span style=\"color: #0000ff;\"><strong>ah\/rsh<\/strong><\/span><\/p>\n","protected":false},"excerpt":{"rendered":"<p>Damasco, SANA El Ministro de Exteriores y Expatriados, Faisal al-Mekdad, examin\u00f3 hoy, durante una llamada telef\u00f3nica, con su par oman\u00ed Bader bin Hamad Al Busaidi, los desarrollos en la regi\u00f3n y el mundo y, una serie de cuestiones de cooperaci\u00f3n entre los dos pa\u00edses hermanos. La conversaci\u00f3n abord\u00f3 el seguimiento en curso por parte de &hellip;<\/p>\n","protected":false},"author":30,"featured_media":183598,"comment_status":"closed","ping_status":"closed","sticky":false,"template":"","format":"standard","meta":{"footnotes":""},"categories":[597,467,7541],"tags":[19149,19148],"class_list":["post-183597","post","type-post","status-publish","format-standard","has-post-thumbnail","","category-cinta-de-noticias","category-siria-y-el-mundo","category-ultimas-noticias","tag-afirma-al-mekdad-a-su-par-omani","tag-los-intentos-occidentales-de-socavar-las-elecciones-presidenciales-fracasaron"],"_links":{"self":[{"href":"https:\/\/archive.sana.sy\/es\/index.php?rest_route=\/wp\/v2\/posts\/183597"}],"collection":[{"href":"https:\/\/archive.sana.sy\/es\/index.php?rest_route=\/wp\/v2\/posts"}],"about":[{"href":"https:\/\/archive.sana.sy\/es\/index.php?rest_route=\/wp\/v2\/types\/post"}],"author":[{"embeddable":true,"href":"https:\/\/archive.sana.sy\/es\/index.php?rest_route=\/wp\/v2\/users\/30"}],"replies":[{"embeddable":true,"href":"https:\/\/archive.sana.sy\/es\/index.php?rest_route=%2Fwp%2Fv2%2Fcomments&post=183597"}],"version-history":[{"count":0,"href":"https:\/\/archive.sana.sy\/es\/index.php?rest_route=\/wp\/v2\/posts\/183597\/revisions"}],"wp:featuredmedia":[{"embeddable":true,"href":"https:\/\/archive.sana.sy\/es\/index.php?rest_route=\/wp\/v2\/media\/183598"}],"wp:attachment":[{"href":"https:\/\/archive.sana.sy\/es\/index.php?rest_route=%2Fwp%2Fv2%2Fmedia&parent=183597"}],"wp:term":[{"taxonomy":"category","embeddable":true,"href":"https:\/\/archive.sana.sy\/es\/index.php?rest_route=%2Fwp%2Fv2%2Fcategories&post=183597"},{"taxonomy":"post_tag","embeddable":true,"href":"https:\/\/archive.sana.sy\/es\/index.php?rest_route=%2Fwp%2Fv2%2Ftags&post=183597"}],"curies":[{"name":"wp","href":"https:\/\/api.w.org\/{rel}","templated":true}]}}