{"id":183603,"date":"2021-06-04T08:30:44","date_gmt":"2021-06-04T05:30:44","guid":{"rendered":"http:\/\/107.6.182.27\/es\/?p=183603"},"modified":"2021-06-04T08:30:44","modified_gmt":"2021-06-04T05:30:44","slug":"eurodiputado-pide-que-se-interrogue-al-director-de-la-opaq-por-mentiras-sobre-el-presunto-ataque-quimico-en-duma","status":"publish","type":"post","link":"https:\/\/archive.sana.sy\/es\/?p=183603","title":{"rendered":"Eurodiputado pide que se interrogue al director de la OPAQ por mentiras sobre el presunto ataque qu\u00edmico en Duma"},"content":{"rendered":"<p style=\"text-align: justify;\"><span style=\"color: #800000;\"><strong>Bruselas, SANA<\/strong><\/span><\/p>\n<p style=\"text-align: justify;\">El diputado irland\u00e9s en el Parlamento Europeo, Mike Wallace, llam\u00f3 a interrogar al Director General de la Organizaci\u00f3n para la Prohibici\u00f3n de las Armas Qu\u00edmicas (OPAQ) tras el esc\u00e1ndalo de fabricaciones sobre el presunto ataque qu\u00edmico en la ciudad de Duma al este de Damasco en 2018, y la confirmaci\u00f3n de inspectores la falsedad de las acusaciones contra Siria en este asunto.<\/p>\n<p style=\"text-align: justify;\">Una filtraci\u00f3n de un funcionario de la OPAQ revel\u00f3 en marzo del a\u00f1o pasado la implicaci\u00f3n de la administraci\u00f3n de la Organizaci\u00f3n en el lanzamiento de un ataque malicioso y defectuoso contra dos inspectores veteranos que demostraron la falsedad de la historia de la organizaci\u00f3n con respecto al presunto ataque en Duma y la acusaci\u00f3n al Ej\u00e9rcito \u00c1rabe Sirio para justificar la agresi\u00f3n estadounidense-brit\u00e1nica-francesa contra Siria en aquel entonces.<\/p>\n<p style=\"text-align: justify;\">En una intervenci\u00f3n anterior ante el Parlamento Europeo, el diputado Wallace denunci\u00f3 la agresi\u00f3n tripartita lanzada por Estados Unidos, Francia y Gran Breta\u00f1a contra Siria en abril de 2018, con el pretexto del presunto ataque qu\u00edmico en Duma, y critic\u00f3 la declaraci\u00f3n del Alto Representante para Asuntos Exteriores y Pol\u00edtica de Seguridad de la Uni\u00f3n Europea, Joseph Borrell, sobre la idea de crear una fuerza europea de respuesta r\u00e1pida a las crisis.<\/p>\n<p style=\"text-align: justify;\">&#8220;La fuerza de la intervenci\u00f3n r\u00e1pida, seg\u00fan Borrell, significa que intervenimos militarmente antes de pensar y antes de verificar los hechos sobre el terreno, como sucedi\u00f3 en Irak y Libia, lo cual provoc\u00f3 la muerte de m\u00e1s de dos millones de personas, el desplazamiento de millones de personas y la consolidaci\u00f3n del Daesh y al-Qaeda en la regi\u00f3n&#8221;, explic\u00f3.<\/p>\n<p style=\"text-align: justify;\">Wallace pidi\u00f3 la formaci\u00f3n de un comit\u00e9 independiente para investigar lo que realmente sucedi\u00f3 en Duma y llevar al Director General de la OPAQ a un interrogatorio ante el Parlamento Europeo.<\/p>\n<p style=\"text-align: justify;\"><span style=\"color: #0000ff;\"><strong>ah\/fm\/rsh<\/strong><\/span><\/p>\n","protected":false},"excerpt":{"rendered":"<p>Bruselas, SANA El diputado irland\u00e9s en el Parlamento Europeo, Mike Wallace, llam\u00f3 a interrogar al Director General de la Organizaci\u00f3n para la Prohibici\u00f3n de las Armas Qu\u00edmicas (OPAQ) tras el esc\u00e1ndalo de fabricaciones sobre el presunto ataque qu\u00edmico en la ciudad de Duma al este de Damasco en 2018, y la confirmaci\u00f3n de inspectores la &hellip;<\/p>\n","protected":false},"author":30,"featured_media":183604,"comment_status":"closed","ping_status":"closed","sticky":false,"template":"","format":"standard","meta":{"footnotes":""},"categories":[597,467,7541],"tags":[19151],"class_list":["post-183603","post","type-post","status-publish","format-standard","has-post-thumbnail","","category-cinta-de-noticias","category-siria-y-el-mundo","category-ultimas-noticias","tag-eurodiputado-pide-que-se-interrogue-al-director-de-la-opaq-por-mentiras-sobre-el-presunto-ataque-quimico-en-duma"],"_links":{"self":[{"href":"https:\/\/archive.sana.sy\/es\/index.php?rest_route=\/wp\/v2\/posts\/183603"}],"collection":[{"href":"https:\/\/archive.sana.sy\/es\/index.php?rest_route=\/wp\/v2\/posts"}],"about":[{"href":"https:\/\/archive.sana.sy\/es\/index.php?rest_route=\/wp\/v2\/types\/post"}],"author":[{"embeddable":true,"href":"https:\/\/archive.sana.sy\/es\/index.php?rest_route=\/wp\/v2\/users\/30"}],"replies":[{"embeddable":true,"href":"https:\/\/archive.sana.sy\/es\/index.php?rest_route=%2Fwp%2Fv2%2Fcomments&post=183603"}],"version-history":[{"count":0,"href":"https:\/\/archive.sana.sy\/es\/index.php?rest_route=\/wp\/v2\/posts\/183603\/revisions"}],"wp:featuredmedia":[{"embeddable":true,"href":"https:\/\/archive.sana.sy\/es\/index.php?rest_route=\/wp\/v2\/media\/183604"}],"wp:attachment":[{"href":"https:\/\/archive.sana.sy\/es\/index.php?rest_route=%2Fwp%2Fv2%2Fmedia&parent=183603"}],"wp:term":[{"taxonomy":"category","embeddable":true,"href":"https:\/\/archive.sana.sy\/es\/index.php?rest_route=%2Fwp%2Fv2%2Fcategories&post=183603"},{"taxonomy":"post_tag","embeddable":true,"href":"https:\/\/archive.sana.sy\/es\/index.php?rest_route=%2Fwp%2Fv2%2Ftags&post=183603"}],"curies":[{"name":"wp","href":"https:\/\/api.w.org\/{rel}","templated":true}]}}