{"id":183606,"date":"2021-06-04T08:41:28","date_gmt":"2021-06-04T05:41:28","guid":{"rendered":"http:\/\/107.6.182.27\/es\/?p=183606"},"modified":"2021-06-04T08:41:28","modified_gmt":"2021-06-04T05:41:28","slug":"titulares-de-la-agencia-sana-4-de-junio","status":"publish","type":"post","link":"https:\/\/archive.sana.sy\/es\/?p=183606","title":{"rendered":"Titulares de la agencia SANA, 4 de junio"},"content":{"rendered":"<p style=\"text-align: justify;\">Damasco, SANA<\/p>\n<p style=\"text-align: justify;\">????????Sabagh: la OPAQ se ha convertido en un juguete geopol\u00edtico en manos de EE.UU. y aliados occidentales<\/p>\n<p style=\"text-align: justify;\">????????Los intentos occidentales de socavar las elecciones presidenciales fracasaron, afirma al-Mekdad a su par oman\u00ed<\/p>\n<p style=\"text-align: justify;\">????????Dayoub: Las relaciones estrat\u00e9gicas entre Siria e Ir\u00e1n son un modelo de cooperaci\u00f3n entre pa\u00edses<\/p>\n<p style=\"text-align: justify;\">????????Eurodiputado pide que se interrogue al director de la OPAQ por mentiras sobre el presunto ataque qu\u00edmico en Duma<\/p>\n<p style=\"text-align: justify;\">????????Multitudes llenan el estadio al-Basel en Latakia para celebrar reelecci\u00f3n de al-Assad (+Fotos)<\/p>\n<p style=\"text-align: justify;\">????????palmirenses festejan reelecci\u00f3n del Dr. Bashar al-Assad frente al museo nacional de Palmira<\/p>\n<p style=\"text-align: justify;\">????????La cosecha del trigo y su entrega a los centros de compra estatales<\/p>\n<p style=\"text-align: justify;\">????????Detectan almac\u00e9n de armas y municiones remanente de terroristas en Homs\/Siria<\/p>\n<p style=\"text-align: justify;\">????????Multitudinaria ceremonia en el barrio al-Zahraa en Homs por reelecci\u00f3n del presidente Bashar al-Assad<\/p>\n<p style=\"text-align: justify;\">????????El ocupante estadounidense lleva a cabo obras de ampliaci\u00f3n del cruce ilegal de Al-Walid en Hasakeh<\/p>\n<p style=\"text-align: justify;\">????????Clanes sirios apoyan levantamiento popular en Manbij contra la milicia separatista FDS<\/p>\n<p style=\"text-align: justify;\">????????Siria report\u00f3 32 nuevas infecciones, seis casos de recuperados y cuatro muertos por la Covid-19<\/p>\n<p style=\"text-align: justify;\">????????Bajo supervisi\u00f3n directa de la inteligencia turca, terroristas comienzan excavaciones arqueol\u00f3gicas ilegales en Afr\u00edn, norte de Alepo<\/p>\n<p style=\"text-align: justify;\">????????\u201cContigo hacia un Ma\u00f1ana Brillante\u201d.. una exposici\u00f3n de la Uni\u00f3n de Artistas Pl\u00e1sticos de Siria<\/p>\n<p style=\"text-align: justify;\">????????Selecci\u00f3n siria de baloncesto vence a la selecci\u00f3n juvenil rusa<\/p>\n<p style=\"text-align: justify;\">????????Embajada de Siria en Indonesia acoge una recepci\u00f3n por reelecci\u00f3n del Dr. Bashar al-Assad<\/p>\n<p style=\"text-align: justify;\">????????Rusia reitera ilegitimidad de la presencia militar estadounidense en Siria<\/p>\n<p style=\"text-align: justify;\">????????Cementerio de la era nabatea, uno de los m\u00e1s importantes descubrimientos en Sweida\/Siria<\/p>\n<p style=\"text-align: justify;\">????????Una madre siria da a luz a quintillizos<\/p>\n<p style=\"text-align: justify;\">????????Al-Houthi: El complot tramado contra Siria estaba al servicio de EE.UU. e Israel<\/p>\n","protected":false},"excerpt":{"rendered":"<p>Damasco, SANA ????????Sabagh: la OPAQ se ha convertido en un juguete geopol\u00edtico en manos de EE.UU. y aliados occidentales ????????Los intentos occidentales de socavar las elecciones presidenciales fracasaron, afirma al-Mekdad a su par oman\u00ed ????????Dayoub: Las relaciones estrat\u00e9gicas entre Siria e Ir\u00e1n son un modelo de cooperaci\u00f3n entre pa\u00edses ????????Eurodiputado pide que se interrogue al &hellip;<\/p>\n","protected":false},"author":30,"featured_media":179819,"comment_status":"closed","ping_status":"closed","sticky":false,"template":"","format":"standard","meta":{"footnotes":""},"categories":[555,597],"tags":[19152],"class_list":["post-183606","post","type-post","status-publish","format-standard","has-post-thumbnail","","category-prensa","category-cinta-de-noticias","tag-titulares-de-la-agencia-sana-4-de-junio"],"_links":{"self":[{"href":"https:\/\/archive.sana.sy\/es\/index.php?rest_route=\/wp\/v2\/posts\/183606"}],"collection":[{"href":"https:\/\/archive.sana.sy\/es\/index.php?rest_route=\/wp\/v2\/posts"}],"about":[{"href":"https:\/\/archive.sana.sy\/es\/index.php?rest_route=\/wp\/v2\/types\/post"}],"author":[{"embeddable":true,"href":"https:\/\/archive.sana.sy\/es\/index.php?rest_route=\/wp\/v2\/users\/30"}],"replies":[{"embeddable":true,"href":"https:\/\/archive.sana.sy\/es\/index.php?rest_route=%2Fwp%2Fv2%2Fcomments&post=183606"}],"version-history":[{"count":0,"href":"https:\/\/archive.sana.sy\/es\/index.php?rest_route=\/wp\/v2\/posts\/183606\/revisions"}],"wp:featuredmedia":[{"embeddable":true,"href":"https:\/\/archive.sana.sy\/es\/index.php?rest_route=\/wp\/v2\/media\/179819"}],"wp:attachment":[{"href":"https:\/\/archive.sana.sy\/es\/index.php?rest_route=%2Fwp%2Fv2%2Fmedia&parent=183606"}],"wp:term":[{"taxonomy":"category","embeddable":true,"href":"https:\/\/archive.sana.sy\/es\/index.php?rest_route=%2Fwp%2Fv2%2Fcategories&post=183606"},{"taxonomy":"post_tag","embeddable":true,"href":"https:\/\/archive.sana.sy\/es\/index.php?rest_route=%2Fwp%2Fv2%2Ftags&post=183606"}],"curies":[{"name":"wp","href":"https:\/\/api.w.org\/{rel}","templated":true}]}}