{"id":183608,"date":"2021-06-03T23:46:59","date_gmt":"2021-06-03T20:46:59","guid":{"rendered":"http:\/\/107.6.182.27\/es\/?p=183608"},"modified":"2021-06-04T23:11:12","modified_gmt":"2021-06-04T20:11:12","slug":"siria-reporto-32-nuevas-infecciones-y-seis-casos-de-recuperados-de-la-covid-19","status":"publish","type":"post","link":"https:\/\/archive.sana.sy\/es\/?p=183608","title":{"rendered":"Siria report\u00f3 32 nuevas infecciones y seis casos de recuperados de la Covid-19"},"content":{"rendered":"<p style=\"text-align: justify;\"><span style=\"color: #800000;\"><strong>Damasco, SANA<\/strong><\/span><\/p>\n<p style=\"text-align: justify;\">El Ministerio de Salud de Siria anunci\u00f3 en una nota de prensa, que en las \u00faltimas 24 horas, se confirmaron 32 nuevos casos de Covid-19 para un total de 24,591.<\/p>\n<p style=\"text-align: justify;\">La nota precis\u00f3 que se confirm\u00f3 la recuperaci\u00f3n de seis casos para un acumulado de 21,620.<\/p>\n<p style=\"text-align: justify;\">Hubo cuatro decesos que aumentaron el total de muertos por esta enfermedad a 1,782, agreg\u00f3 el comunicado.<\/p>\n<p style=\"text-align: justify;\"><span style=\"color: #0000ff;\">ah\/fm<\/span><\/p>\n","protected":false},"excerpt":{"rendered":"<p>Damasco, SANA El Ministerio de Salud de Siria anunci\u00f3 en una nota de prensa, que en las \u00faltimas 24 horas, se confirmaron 32 nuevos casos de Covid-19 para un total de 24,591. La nota precis\u00f3 que se confirm\u00f3 la recuperaci\u00f3n de seis casos para un acumulado de 21,620. Hubo cuatro decesos que aumentaron el total &hellip;<\/p>\n","protected":false},"author":30,"featured_media":183609,"comment_status":"closed","ping_status":"closed","sticky":false,"template":"","format":"standard","meta":{"footnotes":""},"categories":[597,476,7541],"tags":[19153],"class_list":["post-183608","post","type-post","status-publish","format-standard","has-post-thumbnail","","category-cinta-de-noticias","category-locales","category-ultimas-noticias","tag-siria-reporto-32-nuevas-infecciones-y-seis-casos-de-recuperados-de-la-covid-19"],"_links":{"self":[{"href":"https:\/\/archive.sana.sy\/es\/index.php?rest_route=\/wp\/v2\/posts\/183608"}],"collection":[{"href":"https:\/\/archive.sana.sy\/es\/index.php?rest_route=\/wp\/v2\/posts"}],"about":[{"href":"https:\/\/archive.sana.sy\/es\/index.php?rest_route=\/wp\/v2\/types\/post"}],"author":[{"embeddable":true,"href":"https:\/\/archive.sana.sy\/es\/index.php?rest_route=\/wp\/v2\/users\/30"}],"replies":[{"embeddable":true,"href":"https:\/\/archive.sana.sy\/es\/index.php?rest_route=%2Fwp%2Fv2%2Fcomments&post=183608"}],"version-history":[{"count":0,"href":"https:\/\/archive.sana.sy\/es\/index.php?rest_route=\/wp\/v2\/posts\/183608\/revisions"}],"wp:featuredmedia":[{"embeddable":true,"href":"https:\/\/archive.sana.sy\/es\/index.php?rest_route=\/wp\/v2\/media\/183609"}],"wp:attachment":[{"href":"https:\/\/archive.sana.sy\/es\/index.php?rest_route=%2Fwp%2Fv2%2Fmedia&parent=183608"}],"wp:term":[{"taxonomy":"category","embeddable":true,"href":"https:\/\/archive.sana.sy\/es\/index.php?rest_route=%2Fwp%2Fv2%2Fcategories&post=183608"},{"taxonomy":"post_tag","embeddable":true,"href":"https:\/\/archive.sana.sy\/es\/index.php?rest_route=%2Fwp%2Fv2%2Ftags&post=183608"}],"curies":[{"name":"wp","href":"https:\/\/api.w.org\/{rel}","templated":true}]}}