{"id":183656,"date":"2021-06-04T14:33:28","date_gmt":"2021-06-04T11:33:28","guid":{"rendered":"http:\/\/107.6.182.27\/es\/?p=183656"},"modified":"2021-06-04T19:53:02","modified_gmt":"2021-06-04T16:53:02","slug":"siria-esta-defendiendo-sus-derechos-soberanos-afirma-apartido-comunista-checo","status":"publish","type":"post","link":"https:\/\/archive.sana.sy\/es\/?p=183656","title":{"rendered":"Siria est\u00e1 defendiendo sus derechos soberanos, afirma Partido Comunista Checo"},"content":{"rendered":"<p><strong><span style=\"color: #800000;\">Praga, SANA<\/span><\/strong><\/p>\n<p style=\"text-align: justify;\">El Comit\u00e9 Ejecutivo del Partido Comunista de Moravia Checa confirm\u00f3 que Siria est\u00e1 defendiendo sus derechos soberanos de acuerdo con el derecho internacional y la Carta de las Naciones Unidas.<\/p>\n<p style=\"text-align: justify;\">Por medio de un comunicado, el Comit\u00e9 Ejecutivo del Partido Comunista Checo expres\u00f3 su preocupaci\u00f3n por la creciente tensi\u00f3n en las relaciones internacionales.<\/p>\n<p style=\"text-align: justify;\">&#8220;Muchos de los tratados internacionales que se pactaron despu\u00e9s de la Segunda Guerra Mundial fueron anulados&#8221;, agrega la nota.<\/p>\n<p style=\"text-align: justify;\">Anteriormente, el presidente del Partido Comunista de Moravia Checa , Wojtek Philip, critic\u00f3 mediante un art\u00edculo, publicado el pasado mi\u00e9rcoles en el diario Hal\u00f3 noviny, las posiciones emitidas por algunos pa\u00edses occidentales en torno a las elecciones presidenciales en Siria.<\/p>\n<p><em>mm<\/em><\/p>\n","protected":false},"excerpt":{"rendered":"<p>Praga, SANA El Comit\u00e9 Ejecutivo del Partido Comunista de Moravia Checa confirm\u00f3 que Siria est\u00e1 defendiendo sus derechos soberanos de acuerdo con el derecho internacional y la Carta de las Naciones Unidas. Por medio de un comunicado, el Comit\u00e9 Ejecutivo del Partido Comunista Checo expres\u00f3 su preocupaci\u00f3n por la creciente tensi\u00f3n en las relaciones internacionales. &hellip;<\/p>\n","protected":false},"author":36,"featured_media":183657,"comment_status":"closed","ping_status":"closed","sticky":false,"template":"","format":"standard","meta":{"footnotes":""},"categories":[597,467],"tags":[],"class_list":["post-183656","post","type-post","status-publish","format-standard","has-post-thumbnail","","category-cinta-de-noticias","category-siria-y-el-mundo"],"_links":{"self":[{"href":"https:\/\/archive.sana.sy\/es\/index.php?rest_route=\/wp\/v2\/posts\/183656"}],"collection":[{"href":"https:\/\/archive.sana.sy\/es\/index.php?rest_route=\/wp\/v2\/posts"}],"about":[{"href":"https:\/\/archive.sana.sy\/es\/index.php?rest_route=\/wp\/v2\/types\/post"}],"author":[{"embeddable":true,"href":"https:\/\/archive.sana.sy\/es\/index.php?rest_route=\/wp\/v2\/users\/36"}],"replies":[{"embeddable":true,"href":"https:\/\/archive.sana.sy\/es\/index.php?rest_route=%2Fwp%2Fv2%2Fcomments&post=183656"}],"version-history":[{"count":0,"href":"https:\/\/archive.sana.sy\/es\/index.php?rest_route=\/wp\/v2\/posts\/183656\/revisions"}],"wp:featuredmedia":[{"embeddable":true,"href":"https:\/\/archive.sana.sy\/es\/index.php?rest_route=\/wp\/v2\/media\/183657"}],"wp:attachment":[{"href":"https:\/\/archive.sana.sy\/es\/index.php?rest_route=%2Fwp%2Fv2%2Fmedia&parent=183656"}],"wp:term":[{"taxonomy":"category","embeddable":true,"href":"https:\/\/archive.sana.sy\/es\/index.php?rest_route=%2Fwp%2Fv2%2Fcategories&post=183656"},{"taxonomy":"post_tag","embeddable":true,"href":"https:\/\/archive.sana.sy\/es\/index.php?rest_route=%2Fwp%2Fv2%2Ftags&post=183656"}],"curies":[{"name":"wp","href":"https:\/\/api.w.org\/{rel}","templated":true}]}}