{"id":183660,"date":"2021-06-04T15:02:05","date_gmt":"2021-06-04T12:02:05","guid":{"rendered":"http:\/\/107.6.182.27\/es\/?p=183660"},"modified":"2023-01-12T14:41:08","modified_gmt":"2023-01-12T12:41:08","slug":"varios-palestinos-heridos-por-represion-israeli-en-cisjordania-2","status":"publish","type":"post","link":"https:\/\/archive.sana.sy\/es\/?p=183660","title":{"rendered":"Varios palestinos heridos por represi\u00f3n israel\u00ed en Cisjordania"},"content":{"rendered":"<p><strong><span style=\"color: #800000;\">Jerusal\u00e9n ocupada, SANA<\/span><\/strong><\/p>\n<p style=\"text-align: justify;\">Varios palestinos han quedado heridos como resultado de un ataque de las fuerzas israel\u00edes en Cisjordania.<\/p>\n<p style=\"text-align: justify;\">&#8220;Tropas israel\u00edes de ocupaci\u00f3n han asaltado la manifestaci\u00f3n de un grupo de palestinos que protestaba contra los planes de asentamientos en la localidad de Beita, al sur de Naplusa en Cisjordania&#8221;, ha reportado este viernes la agencia de prensa palestina WAFA.<\/p>\n<p style=\"text-align: justify;\">Seg\u00fan la fuente, decenas de palestinos han resultado lesionados por el lanzamiento de gas lacrim\u00f3geno y municiones reales por parte de soldados del r\u00e9gimen de ocupaci\u00f3n israel\u00ed para dispersar a los manifestantes.<\/p>\n<p style=\"text-align: justify;\">Las fuerzas de ocupaci\u00f3n israel\u00edes atacaron a los participantes en la protesta organizada por las facciones nacionales palestinas, ha detallado la fuente.<\/p>\n<p><em>mm<\/em><\/p>\n","protected":false},"excerpt":{"rendered":"<p>Jerusal\u00e9n ocupada, SANA Varios palestinos han quedado heridos como resultado de un ataque de las fuerzas israel\u00edes en Cisjordania. &#8220;Tropas israel\u00edes de ocupaci\u00f3n han asaltado la manifestaci\u00f3n de un grupo de palestinos que protestaba contra los planes de asentamientos en la localidad de Beita, al sur de Naplusa en Cisjordania&#8221;, ha reportado este viernes la &hellip;<\/p>\n","protected":false},"author":36,"featured_media":183661,"comment_status":"closed","ping_status":"closed","sticky":false,"template":"","format":"standard","meta":{"footnotes":""},"categories":[597,456,457],"tags":[],"class_list":["post-183660","post","type-post","status-publish","format-standard","has-post-thumbnail","","category-cinta-de-noticias","category-arabe-internacional-politica","category-noticias-arabe-internacional-politica"],"_links":{"self":[{"href":"https:\/\/archive.sana.sy\/es\/index.php?rest_route=\/wp\/v2\/posts\/183660"}],"collection":[{"href":"https:\/\/archive.sana.sy\/es\/index.php?rest_route=\/wp\/v2\/posts"}],"about":[{"href":"https:\/\/archive.sana.sy\/es\/index.php?rest_route=\/wp\/v2\/types\/post"}],"author":[{"embeddable":true,"href":"https:\/\/archive.sana.sy\/es\/index.php?rest_route=\/wp\/v2\/users\/36"}],"replies":[{"embeddable":true,"href":"https:\/\/archive.sana.sy\/es\/index.php?rest_route=%2Fwp%2Fv2%2Fcomments&post=183660"}],"version-history":[{"count":0,"href":"https:\/\/archive.sana.sy\/es\/index.php?rest_route=\/wp\/v2\/posts\/183660\/revisions"}],"wp:featuredmedia":[{"embeddable":true,"href":"https:\/\/archive.sana.sy\/es\/index.php?rest_route=\/wp\/v2\/media\/183661"}],"wp:attachment":[{"href":"https:\/\/archive.sana.sy\/es\/index.php?rest_route=%2Fwp%2Fv2%2Fmedia&parent=183660"}],"wp:term":[{"taxonomy":"category","embeddable":true,"href":"https:\/\/archive.sana.sy\/es\/index.php?rest_route=%2Fwp%2Fv2%2Fcategories&post=183660"},{"taxonomy":"post_tag","embeddable":true,"href":"https:\/\/archive.sana.sy\/es\/index.php?rest_route=%2Fwp%2Fv2%2Ftags&post=183660"}],"curies":[{"name":"wp","href":"https:\/\/api.w.org\/{rel}","templated":true}]}}