{"id":183720,"date":"2021-06-04T14:31:26","date_gmt":"2021-06-04T11:31:26","guid":{"rendered":"http:\/\/107.6.182.27\/es\/?p=183720"},"modified":"2021-06-04T23:19:54","modified_gmt":"2021-06-04T20:19:54","slug":"28-nuevos-contagiados-y-cinco-fallecidos-por-covid-19-en-siria","status":"publish","type":"post","link":"https:\/\/archive.sana.sy\/es\/?p=183720","title":{"rendered":"28 nuevos contagiados y cinco fallecidos por Covid-19 en Siria"},"content":{"rendered":"<p><span style=\"color: #800000;\">Damasco, SANA<\/span><\/p>\n<p style=\"text-align: justify;\">El Ministerio de Salud de Siria anunci\u00f3 en una nota de prensa, que en las \u00faltimas 24 horas, se confirmaron 28 nuevos casos de Covid-19 para un total de 24,619.<\/p>\n<p style=\"text-align: justify;\">La nota precis\u00f3 que se confirm\u00f3 la recuperaci\u00f3n de cinco casos para un acumulado de 21,625.<\/p>\n<p style=\"text-align: justify;\">Hubo cinco decesos que aumentaron el total de muertos por esta enfermedad a 1,787, agreg\u00f3 el comunicado.<\/p>\n<p><span style=\"color: #0000ff;\">fm\/rr<\/span><\/p>\n","protected":false},"excerpt":{"rendered":"<p>Damasco, SANA El Ministerio de Salud de Siria anunci\u00f3 en una nota de prensa, que en las \u00faltimas 24 horas, se confirmaron 28 nuevos casos de Covid-19 para un total de 24,619. La nota precis\u00f3 que se confirm\u00f3 la recuperaci\u00f3n de cinco casos para un acumulado de 21,625. Hubo cinco decesos que aumentaron el total &hellip;<\/p>\n","protected":false},"author":31,"featured_media":183723,"comment_status":"closed","ping_status":"closed","sticky":false,"template":"","format":"standard","meta":{"footnotes":""},"categories":[597,476,7541],"tags":[],"class_list":["post-183720","post","type-post","status-publish","format-standard","has-post-thumbnail","","category-cinta-de-noticias","category-locales","category-ultimas-noticias"],"_links":{"self":[{"href":"https:\/\/archive.sana.sy\/es\/index.php?rest_route=\/wp\/v2\/posts\/183720"}],"collection":[{"href":"https:\/\/archive.sana.sy\/es\/index.php?rest_route=\/wp\/v2\/posts"}],"about":[{"href":"https:\/\/archive.sana.sy\/es\/index.php?rest_route=\/wp\/v2\/types\/post"}],"author":[{"embeddable":true,"href":"https:\/\/archive.sana.sy\/es\/index.php?rest_route=\/wp\/v2\/users\/31"}],"replies":[{"embeddable":true,"href":"https:\/\/archive.sana.sy\/es\/index.php?rest_route=%2Fwp%2Fv2%2Fcomments&post=183720"}],"version-history":[{"count":0,"href":"https:\/\/archive.sana.sy\/es\/index.php?rest_route=\/wp\/v2\/posts\/183720\/revisions"}],"wp:featuredmedia":[{"embeddable":true,"href":"https:\/\/archive.sana.sy\/es\/index.php?rest_route=\/wp\/v2\/media\/183723"}],"wp:attachment":[{"href":"https:\/\/archive.sana.sy\/es\/index.php?rest_route=%2Fwp%2Fv2%2Fmedia&parent=183720"}],"wp:term":[{"taxonomy":"category","embeddable":true,"href":"https:\/\/archive.sana.sy\/es\/index.php?rest_route=%2Fwp%2Fv2%2Fcategories&post=183720"},{"taxonomy":"post_tag","embeddable":true,"href":"https:\/\/archive.sana.sy\/es\/index.php?rest_route=%2Fwp%2Fv2%2Ftags&post=183720"}],"curies":[{"name":"wp","href":"https:\/\/api.w.org\/{rel}","templated":true}]}}