{"id":183909,"date":"2021-06-06T14:43:20","date_gmt":"2021-06-06T11:43:20","guid":{"rendered":"http:\/\/107.6.182.27\/es\/?p=183909"},"modified":"2021-06-06T14:43:20","modified_gmt":"2021-06-06T11:43:20","slug":"tribus-y-clanes-sirios-en-alepo-saludan-el-levantamiento-pacifico-y-justo-de-la-poblacion-en-manbij-frente-a-los-separatistas-y-ocupantes-y-reafirman-su-apoyo-a-este-levantamiento-y-que-manbij-es-y-s","status":"publish","type":"post","link":"https:\/\/archive.sana.sy\/es\/?p=183909","title":{"rendered":"Tribus y clanes sirios en Alepo saludan el levantamiento pac\u00edfico y justo de la poblaci\u00f3n en Manbij frente a los separatistas y ocupantes, y reafirman su apoyo a este levantamiento y que Manbij es y seguir\u00e1 siendo una ciudad \u00e1rabe siria"},"content":{"rendered":"","protected":false},"excerpt":{"rendered":"","protected":false},"author":34,"featured_media":0,"comment_status":"closed","ping_status":"closed","sticky":false,"template":"","format":"standard","meta":{"footnotes":""},"categories":[596],"tags":[],"class_list":["post-183909","post","type-post","status-publish","format-standard","","category-urgente"],"_links":{"self":[{"href":"https:\/\/archive.sana.sy\/es\/index.php?rest_route=\/wp\/v2\/posts\/183909"}],"collection":[{"href":"https:\/\/archive.sana.sy\/es\/index.php?rest_route=\/wp\/v2\/posts"}],"about":[{"href":"https:\/\/archive.sana.sy\/es\/index.php?rest_route=\/wp\/v2\/types\/post"}],"author":[{"embeddable":true,"href":"https:\/\/archive.sana.sy\/es\/index.php?rest_route=\/wp\/v2\/users\/34"}],"replies":[{"embeddable":true,"href":"https:\/\/archive.sana.sy\/es\/index.php?rest_route=%2Fwp%2Fv2%2Fcomments&post=183909"}],"version-history":[{"count":0,"href":"https:\/\/archive.sana.sy\/es\/index.php?rest_route=\/wp\/v2\/posts\/183909\/revisions"}],"wp:attachment":[{"href":"https:\/\/archive.sana.sy\/es\/index.php?rest_route=%2Fwp%2Fv2%2Fmedia&parent=183909"}],"wp:term":[{"taxonomy":"category","embeddable":true,"href":"https:\/\/archive.sana.sy\/es\/index.php?rest_route=%2Fwp%2Fv2%2Fcategories&post=183909"},{"taxonomy":"post_tag","embeddable":true,"href":"https:\/\/archive.sana.sy\/es\/index.php?rest_route=%2Fwp%2Fv2%2Ftags&post=183909"}],"curies":[{"name":"wp","href":"https:\/\/api.w.org\/{rel}","templated":true}]}}