{"id":183916,"date":"2021-06-06T15:28:12","date_gmt":"2021-06-06T12:28:12","guid":{"rendered":"http:\/\/107.6.182.27\/es\/?p=183916"},"modified":"2021-06-06T16:44:56","modified_gmt":"2021-06-06T13:44:56","slug":"siria-denuncia-entrada-ilegal-a-su-territorio-de-dos-delegaciones-de-francia-y-holanda","status":"publish","type":"post","link":"https:\/\/archive.sana.sy\/es\/?p=183916","title":{"rendered":"Siria denuncia entrada ilegal a su territorio de dos delegaciones de Francia y Holanda"},"content":{"rendered":"<p style=\"text-align: justify;\"><span style=\"color: #800000;\"><strong>Damasco, SANA<\/strong><\/span><\/p>\n<p style=\"text-align: justify;\">Siria afirm\u00f3 hoy que la entrada ilegal de una delegaci\u00f3n holandesa y otra francesa a su territorio en coordinaci\u00f3n con la milicia separatista FDS,\u00a0 constituye una flagrante violaci\u00f3n del derecho internacional y una acci\u00f3n hostil a la soberan\u00eda siria.<\/p>\n<p style=\"text-align: justify;\">Representantes de algunos pa\u00edses implicados en la guerra contra Siria llevan a cabo pr\u00e1cticas que constituyen una flagrante violaci\u00f3n del derecho internacional y una agresi\u00f3n contra la soberan\u00eda de la Rep\u00fablica \u00c1rabe Siria, afirm\u00f3 un comunicado de prensa del Ministerio de Exteriores y Expatriados.<\/p>\n<p style=\"text-align: justify;\">La nota precis\u00f3 que una delegaci\u00f3n holandesa encabezada por el llamado enviado para Siria, entr\u00f3 ilegalmente al pa\u00eds en coordinaci\u00f3n con la milicia FDS bajo el pretexto de recibir a varios elementos del Daesh retenidos por esa formaci\u00f3n ilegal.<\/p>\n<p style=\"text-align: justify;\">&#8220;Otra delegaci\u00f3n francesa de la Fundaci\u00f3n Daniel Mitterrand y del Ayuntamiento de Par\u00eds visit\u00f3 ilegalmente la ciudad de Qamishli, lo cual constituye una acci\u00f3n m\u00e1s del involucramiento directo de Francia en la agresi\u00f3n contra Siria&#8221;,\u00a0 precis\u00f3.<\/p>\n<p style=\"text-align: justify;\"><span style=\"color: #0000ff;\"><b style=\"color: #0000ff;\">Siria denuncia que el <\/b><span style=\"color: #0000ff;\"><b>r\u00e9gimen<\/b><\/span><b style=\"color: #0000ff;\"> turco impone sus carn\u00e9s de identidad a los civiles en las zonas ocupadas por sus terroristas<\/b> <\/span><\/p>\n<p style=\"text-align: justify;\">Por otro lado, Canciller\u00eda denunci\u00f3 que el r\u00e9gimen turco pidi\u00f3 a sus fuerzas que ocupan partes de la provincia siria de Idlib crear una Secretar\u00eda General de Registro Civil que pertenecen a esas mismas fuerzas y formar ayuntamientos en las localidades que todav\u00eda est\u00e1n bajo el control de grupos terroristas.<\/p>\n<p style=\"text-align: justify;\">Tambi\u00e9n solicit\u00f3 retirar los carn\u00e9s personales y las tarjetas familiares emitida por las autoridades competentes de la Rep\u00fablica \u00c1rabe Siria y su sustituci\u00f3n por carn\u00e9s turcos.<\/p>\n<p style=\"text-align: justify;\">&#8220;Esto representa la culminaci\u00f3n de la pol\u00edtica de turquizaci\u00f3n seguida por el r\u00e9gimen turco, lo cual ser\u00e1 rechazada por los ciudadanos sirios libres tal como rechaz\u00f3 la poblaci\u00f3n siria en el Gol\u00e1n ocupado los intentos de imponer la identidad israel\u00ed, afirm\u00f3 el texto&#8221;, manifest\u00f3 la declaraci\u00f3n.<\/p>\n<p style=\"text-align: justify;\">Asegur\u00f3 que la Rep\u00fablica \u00c1rabe Siria expresa su categ\u00f3rico rechazo y en\u00e9rgica condena a esas pr\u00e1cticas, y ratifica su determinaci\u00f3n de extender la soberan\u00eda del Estado sobre todos sus territorios y liberarlos de la ocupaci\u00f3n turca, estadounidense y extranjera.<\/p>\n<p style=\"text-align: justify;\">Asimismo, hizo un llamado a la comunidad internacional, especialmente a las Naciones Unidas y sus \u00f3rganos, para que adopten una postura adecuada con respecto a estas pr\u00e1cticas, que constituyen una flagrante violaci\u00f3n del derecho internacional, y que obliguen a los gobiernos hostiles a Siria a abandonar sus pol\u00edticas subversivas destinadas a impedir la recuperaci\u00f3n de la estabilidad.<\/p>\n<p style=\"text-align: justify;\"><span style=\"color: #0000ff;\"><strong>fm<\/strong><\/span><\/p>\n","protected":false},"excerpt":{"rendered":"<p>Damasco, SANA Siria afirm\u00f3 hoy que la entrada ilegal de una delegaci\u00f3n holandesa y otra francesa a su territorio en coordinaci\u00f3n con la milicia separatista FDS,\u00a0 constituye una flagrante violaci\u00f3n del derecho internacional y una acci\u00f3n hostil a la soberan\u00eda siria. Representantes de algunos pa\u00edses implicados en la guerra contra Siria llevan a cabo pr\u00e1cticas &hellip;<\/p>\n","protected":false},"author":34,"featured_media":183917,"comment_status":"closed","ping_status":"closed","sticky":false,"template":"","format":"standard","meta":{"footnotes":""},"categories":[597,583],"tags":[],"class_list":["post-183916","post","type-post","status-publish","format-standard","has-post-thumbnail","","category-cinta-de-noticias","category-slide"],"_links":{"self":[{"href":"https:\/\/archive.sana.sy\/es\/index.php?rest_route=\/wp\/v2\/posts\/183916"}],"collection":[{"href":"https:\/\/archive.sana.sy\/es\/index.php?rest_route=\/wp\/v2\/posts"}],"about":[{"href":"https:\/\/archive.sana.sy\/es\/index.php?rest_route=\/wp\/v2\/types\/post"}],"author":[{"embeddable":true,"href":"https:\/\/archive.sana.sy\/es\/index.php?rest_route=\/wp\/v2\/users\/34"}],"replies":[{"embeddable":true,"href":"https:\/\/archive.sana.sy\/es\/index.php?rest_route=%2Fwp%2Fv2%2Fcomments&post=183916"}],"version-history":[{"count":0,"href":"https:\/\/archive.sana.sy\/es\/index.php?rest_route=\/wp\/v2\/posts\/183916\/revisions"}],"wp:featuredmedia":[{"embeddable":true,"href":"https:\/\/archive.sana.sy\/es\/index.php?rest_route=\/wp\/v2\/media\/183917"}],"wp:attachment":[{"href":"https:\/\/archive.sana.sy\/es\/index.php?rest_route=%2Fwp%2Fv2%2Fmedia&parent=183916"}],"wp:term":[{"taxonomy":"category","embeddable":true,"href":"https:\/\/archive.sana.sy\/es\/index.php?rest_route=%2Fwp%2Fv2%2Fcategories&post=183916"},{"taxonomy":"post_tag","embeddable":true,"href":"https:\/\/archive.sana.sy\/es\/index.php?rest_route=%2Fwp%2Fv2%2Ftags&post=183916"}],"curies":[{"name":"wp","href":"https:\/\/api.w.org\/{rel}","templated":true}]}}