{"id":183990,"date":"2021-06-06T17:02:04","date_gmt":"2021-06-06T14:02:04","guid":{"rendered":"http:\/\/107.6.182.27\/es\/?p=183990"},"modified":"2023-01-10T14:28:24","modified_gmt":"2023-01-10T12:28:24","slug":"rehabilitan-el-70-de-la-localidad-de-al-hajar-al-aswad-en-damasco-campo","status":"publish","type":"post","link":"https:\/\/archive.sana.sy\/es\/?p=183990","title":{"rendered":"Rehabilitan el 70% de la localidad de Al-Hajar Al-Aswad en Damasco-campo"},"content":{"rendered":"<p style=\"text-align: justify;\"><span style=\"color: #800000;\"><strong>Damasco-campo, SANA<\/strong><\/span><\/p>\n<p style=\"text-align: justify;\">La rehabilitaci\u00f3n de la infraestructura de los barrios &#8220;Al-Thawra y Tishreen&#8221; en el \u00e1rea de Al-Hajar Al-Aswad en Damasco-campo ha alcanzado m\u00e1s del 70 por ciento.<\/p>\n<p style=\"text-align: justify;\">El Director de Apoyo a la Decisi\u00f3n y Planificaci\u00f3n Regional en la Gobernaci\u00f3n de Damasco-campo, Abdul Razzaq Dhamiriya, se\u00f1al\u00f3 en declaraciones a SANA que contin\u00faan las obras de rehabilitaci\u00f3n de redes de alcantarillado, l\u00edneas el\u00e9ctricas y telef\u00f3nicas, adem\u00e1s de la rehabilitaci\u00f3n de redes de agua y transformadores de energ\u00eda el\u00e9ctrica.<\/p>\n<p style=\"text-align: justify;\">Aclar\u00f3 que el trabajo avanza a un ritmo acelerado en preparaci\u00f3n para que los vecinos de Al-Hajar Al-Aswad vuelvan a sus hogares lo antes posible, e indic\u00f3 que las calles se han abierto y las operaciones de remoci\u00f3n de escombros a\u00fan est\u00e1n en marcha.<\/p>\n<p style=\"text-align: justify;\">Cabe se\u00f1alar que el Ej\u00e9rcito \u00c1rabe Sirio hab\u00eda anunciado en mayo de 2018 la depuraci\u00f3n del municipio de Al-Hajar Al-Aswad y sus alrededores.<\/p>\n<p style=\"text-align: justify;\"><span style=\"color: #0000ff;\"><strong>sm\/rsh<\/strong><\/span><\/p>\n","protected":false},"excerpt":{"rendered":"<p>Damasco-campo, SANA La rehabilitaci\u00f3n de la infraestructura de los barrios &#8220;Al-Thawra y Tishreen&#8221; en el \u00e1rea de Al-Hajar Al-Aswad en Damasco-campo ha alcanzado m\u00e1s del 70 por ciento. El Director de Apoyo a la Decisi\u00f3n y Planificaci\u00f3n Regional en la Gobernaci\u00f3n de Damasco-campo, Abdul Razzaq Dhamiriya, se\u00f1al\u00f3 en declaraciones a SANA que contin\u00faan las obras &hellip;<\/p>\n","protected":false},"author":39,"featured_media":183991,"comment_status":"closed","ping_status":"closed","sticky":false,"template":"","format":"standard","meta":{"footnotes":""},"categories":[447,477,597,476,7541],"tags":[],"class_list":["post-183990","post","type-post","status-publish","format-standard","has-post-thumbnail","","category-local-politica","category-noticias-edulcorantes","category-cinta-de-noticias","category-locales","category-ultimas-noticias"],"_links":{"self":[{"href":"https:\/\/archive.sana.sy\/es\/index.php?rest_route=\/wp\/v2\/posts\/183990"}],"collection":[{"href":"https:\/\/archive.sana.sy\/es\/index.php?rest_route=\/wp\/v2\/posts"}],"about":[{"href":"https:\/\/archive.sana.sy\/es\/index.php?rest_route=\/wp\/v2\/types\/post"}],"author":[{"embeddable":true,"href":"https:\/\/archive.sana.sy\/es\/index.php?rest_route=\/wp\/v2\/users\/39"}],"replies":[{"embeddable":true,"href":"https:\/\/archive.sana.sy\/es\/index.php?rest_route=%2Fwp%2Fv2%2Fcomments&post=183990"}],"version-history":[{"count":0,"href":"https:\/\/archive.sana.sy\/es\/index.php?rest_route=\/wp\/v2\/posts\/183990\/revisions"}],"wp:featuredmedia":[{"embeddable":true,"href":"https:\/\/archive.sana.sy\/es\/index.php?rest_route=\/wp\/v2\/media\/183991"}],"wp:attachment":[{"href":"https:\/\/archive.sana.sy\/es\/index.php?rest_route=%2Fwp%2Fv2%2Fmedia&parent=183990"}],"wp:term":[{"taxonomy":"category","embeddable":true,"href":"https:\/\/archive.sana.sy\/es\/index.php?rest_route=%2Fwp%2Fv2%2Fcategories&post=183990"},{"taxonomy":"post_tag","embeddable":true,"href":"https:\/\/archive.sana.sy\/es\/index.php?rest_route=%2Fwp%2Fv2%2Ftags&post=183990"}],"curies":[{"name":"wp","href":"https:\/\/api.w.org\/{rel}","templated":true}]}}