{"id":183993,"date":"2021-06-06T21:31:05","date_gmt":"2021-06-06T18:31:05","guid":{"rendered":"http:\/\/107.6.182.27\/es\/?p=183993"},"modified":"2023-01-10T14:28:23","modified_gmt":"2023-01-10T12:28:23","slug":"fuerzas-iraquies-destruyen-escondites-de-daesh-en-varias-gobernaciones-del-pais","status":"publish","type":"post","link":"https:\/\/archive.sana.sy\/es\/?p=183993","title":{"rendered":"Fuerzas iraqu\u00edes destruyen escondites de \u201cDaesh\u201d en varias gobernaciones del pa\u00eds"},"content":{"rendered":"<p style=\"text-align: justify;\"><span style=\"color: #800000;\"><strong>Bagdad, SANA<\/strong><\/span><\/p>\n<p style=\"text-align: justify;\">Las fuerzas iraqu\u00edes destruyeron hoy nueve escondites de terroristas del \u201cDaesh\u201d en las gobernaciones de Diyala y Salah al-Din.<\/p>\n<p style=\"text-align: justify;\">El portavoz del Servicio Iraqu\u00ed Antiterrorista, Sabah al-Numan, dijo al reportero de SANA que los miembros de la agencia lanzaron operaciones dirigidas a \u00e1reas al este de Diyala, Salah al-Din y la regi\u00f3n de Balakah, con el apoyo directo de la Fuerza A\u00e9rea Iraqu\u00ed, lo cual provoc\u00f3 la destrucci\u00f3n de cinco cuevas y cuatro escondites de elementos de la organizaci\u00f3n terrorista \u201cDaesh\u201d.<\/p>\n<p style=\"text-align: justify;\">Al-Numan enfatiz\u00f3 que las operaciones contra los remanentes de dicha organizaci\u00f3n est\u00e1n en marcha hasta que sean completamente eliminados.<\/p>\n<p style=\"text-align: justify;\"><span style=\"color: #0000ff;\"><strong>sm\/rsh<\/strong><\/span><\/p>\n","protected":false},"excerpt":{"rendered":"<p>Bagdad, SANA Las fuerzas iraqu\u00edes destruyeron hoy nueve escondites de terroristas del \u201cDaesh\u201d en las gobernaciones de Diyala y Salah al-Din. El portavoz del Servicio Iraqu\u00ed Antiterrorista, Sabah al-Numan, dijo al reportero de SANA que los miembros de la agencia lanzaron operaciones dirigidas a \u00e1reas al este de Diyala, Salah al-Din y la regi\u00f3n de &hellip;<\/p>\n","protected":false},"author":39,"featured_media":183994,"comment_status":"closed","ping_status":"closed","sticky":false,"template":"","format":"standard","meta":{"footnotes":""},"categories":[447,597,456,457,7541],"tags":[],"class_list":["post-183993","post","type-post","status-publish","format-standard","has-post-thumbnail","","category-local-politica","category-cinta-de-noticias","category-arabe-internacional-politica","category-noticias-arabe-internacional-politica","category-ultimas-noticias"],"_links":{"self":[{"href":"https:\/\/archive.sana.sy\/es\/index.php?rest_route=\/wp\/v2\/posts\/183993"}],"collection":[{"href":"https:\/\/archive.sana.sy\/es\/index.php?rest_route=\/wp\/v2\/posts"}],"about":[{"href":"https:\/\/archive.sana.sy\/es\/index.php?rest_route=\/wp\/v2\/types\/post"}],"author":[{"embeddable":true,"href":"https:\/\/archive.sana.sy\/es\/index.php?rest_route=\/wp\/v2\/users\/39"}],"replies":[{"embeddable":true,"href":"https:\/\/archive.sana.sy\/es\/index.php?rest_route=%2Fwp%2Fv2%2Fcomments&post=183993"}],"version-history":[{"count":0,"href":"https:\/\/archive.sana.sy\/es\/index.php?rest_route=\/wp\/v2\/posts\/183993\/revisions"}],"wp:featuredmedia":[{"embeddable":true,"href":"https:\/\/archive.sana.sy\/es\/index.php?rest_route=\/wp\/v2\/media\/183994"}],"wp:attachment":[{"href":"https:\/\/archive.sana.sy\/es\/index.php?rest_route=%2Fwp%2Fv2%2Fmedia&parent=183993"}],"wp:term":[{"taxonomy":"category","embeddable":true,"href":"https:\/\/archive.sana.sy\/es\/index.php?rest_route=%2Fwp%2Fv2%2Fcategories&post=183993"},{"taxonomy":"post_tag","embeddable":true,"href":"https:\/\/archive.sana.sy\/es\/index.php?rest_route=%2Fwp%2Fv2%2Ftags&post=183993"}],"curies":[{"name":"wp","href":"https:\/\/api.w.org\/{rel}","templated":true}]}}