{"id":184021,"date":"2021-06-07T09:10:32","date_gmt":"2021-06-07T06:10:32","guid":{"rendered":"http:\/\/107.6.182.27\/es\/?p=184021"},"modified":"2023-01-10T15:33:31","modified_gmt":"2023-01-10T13:33:31","slug":"titulares-de-la-agencia-sana-7-de-junio","status":"publish","type":"post","link":"https:\/\/archive.sana.sy\/es\/?p=184021","title":{"rendered":"Titulares de la agencia SANA, 7 de junio"},"content":{"rendered":"<p style=\"text-align: justify;\"><span style=\"color: #800000;\"><strong>Damasco , SANA\u00a0<\/strong><\/span><\/p>\n<p style=\"text-align: justify;\">????Siria denuncia entrada ilegal a su territorio de dos delegaciones de Francia y Holanda.<\/p>\n<p style=\"text-align: justify;\">????Siria fue la primera en innovar la &#8220;bomba de az\u00facar&#8221; para luchar contra las c\u00e9lulas cancer\u00edgenas.<\/p>\n<p style=\"text-align: justify;\">????Gimnasta sirio gana una medalla de plata en la Copa del Mundo que se desarrolla en El Cairo.<\/p>\n<p style=\"text-align: justify;\">????Nuevo video desvela apoyo de un pariente de Erdogan al grupo terrorista Frente al-Nousra en Siria.<\/p>\n<p style=\"text-align: justify;\">????Hallan armas y municiones remanentes de terroristas en al-Zaafarana, Homs.<\/p>\n<p style=\"text-align: justify;\">????Tribus y clanes de Alepo ratifican apoyo al levantamiento popular en Manbij contra la milicia FDS.<\/p>\n<p style=\"text-align: justify;\">????Terroristas matan al alcalde del poblado de Ataman al norte de Deraa.<\/p>\n<p style=\"text-align: justify;\">????Terroristas bombardean la aldea de Jurin, provincia de Hama.<\/p>\n<p style=\"text-align: justify;\">????Dos cargas explosivas estallan contra posiciones de radicales pro turcos en el norte de Alepo.<\/p>\n<p style=\"text-align: justify;\">????Gobierno sirio estudia reducir el desempleo y atenuar p\u00e9rdidas incurridas en el sector laboral como resultado de la guerra.<\/p>\n<p style=\"text-align: justify;\">????Mueren tres terroristas proturcos por una explosi\u00f3n en Hasakeh.<\/p>\n<p style=\"text-align: justify;\">????Tunecinos exigen restablecimiento de relaciones con Siria.<\/p>\n<p style=\"text-align: justify;\">????Movimiento activo de entrega de trigo en Salamieh, provincia de Hama (+fotos).<\/p>\n<p style=\"text-align: justify;\">????Cosecha de albaricoque\u00a0 en la localidad de Qusayr\/ Homs.<\/p>\n<p style=\"text-align: justify;\">????Cosecha del Trigo en Drekish\/Siria.<\/p>\n<p style=\"text-align: justify;\">????Cosesha del trigo en zonas liberadas de Raqa (fotos).<\/p>\n<p style=\"text-align: justify;\">????Provincia siria produce 54 mil toneladas de mel\u00f3n (+ fotos).<\/p>\n<p style=\"text-align: justify;\">????Celebraci\u00f3n en la Universidad de Alepo por reelecci\u00f3n del presidente Bashar Al-Assad (fotos).<\/p>\n<p style=\"text-align: justify;\">????La edad no obstaculiza la ense\u00f1anza.. dos mujeres sirias de mayor edad presentan ex\u00e1menes de noveno grado.<\/p>\n<p style=\"text-align: justify;\">????Rehabilitan el 70% de la localidad de Al-Hajar Al-Aswad en Damasco-campo.<\/p>\n<p style=\"text-align: justify;\">????Siria report\u00f3 20 nuevas infecciones y cinco casos de recuperados de la Covid-19.<\/p>\n<p style=\"text-align: justify;\">????Fuerzas iraqu\u00edes destruyen escondites de \u201cDaesh\u201d en varias gobernaciones del pa\u00eds.<\/p>\n<p style=\"text-align: justify;\">\n","protected":false},"excerpt":{"rendered":"<p>Damasco , SANA\u00a0 ????Siria denuncia entrada ilegal a su territorio de dos delegaciones de Francia y Holanda. ????Siria fue la primera en innovar la &#8220;bomba de az\u00facar&#8221; para luchar contra las c\u00e9lulas cancer\u00edgenas. ????Gimnasta sirio gana una medalla de plata en la Copa del Mundo que se desarrolla en El Cairo. ????Nuevo video desvela apoyo &hellip;<\/p>\n","protected":false},"author":35,"featured_media":184022,"comment_status":"closed","ping_status":"closed","sticky":false,"template":"","format":"standard","meta":{"footnotes":""},"categories":[447,555,597,476,7541],"tags":[],"class_list":["post-184021","post","type-post","status-publish","format-standard","has-post-thumbnail","","category-local-politica","category-prensa","category-cinta-de-noticias","category-locales","category-ultimas-noticias"],"_links":{"self":[{"href":"https:\/\/archive.sana.sy\/es\/index.php?rest_route=\/wp\/v2\/posts\/184021"}],"collection":[{"href":"https:\/\/archive.sana.sy\/es\/index.php?rest_route=\/wp\/v2\/posts"}],"about":[{"href":"https:\/\/archive.sana.sy\/es\/index.php?rest_route=\/wp\/v2\/types\/post"}],"author":[{"embeddable":true,"href":"https:\/\/archive.sana.sy\/es\/index.php?rest_route=\/wp\/v2\/users\/35"}],"replies":[{"embeddable":true,"href":"https:\/\/archive.sana.sy\/es\/index.php?rest_route=%2Fwp%2Fv2%2Fcomments&post=184021"}],"version-history":[{"count":0,"href":"https:\/\/archive.sana.sy\/es\/index.php?rest_route=\/wp\/v2\/posts\/184021\/revisions"}],"wp:featuredmedia":[{"embeddable":true,"href":"https:\/\/archive.sana.sy\/es\/index.php?rest_route=\/wp\/v2\/media\/184022"}],"wp:attachment":[{"href":"https:\/\/archive.sana.sy\/es\/index.php?rest_route=%2Fwp%2Fv2%2Fmedia&parent=184021"}],"wp:term":[{"taxonomy":"category","embeddable":true,"href":"https:\/\/archive.sana.sy\/es\/index.php?rest_route=%2Fwp%2Fv2%2Fcategories&post=184021"},{"taxonomy":"post_tag","embeddable":true,"href":"https:\/\/archive.sana.sy\/es\/index.php?rest_route=%2Fwp%2Fv2%2Ftags&post=184021"}],"curies":[{"name":"wp","href":"https:\/\/api.w.org\/{rel}","templated":true}]}}