{"id":184081,"date":"2021-06-07T13:35:21","date_gmt":"2021-06-07T10:35:21","guid":{"rendered":"http:\/\/107.6.182.27\/es\/?p=184081"},"modified":"2023-01-12T14:41:07","modified_gmt":"2023-01-12T12:41:07","slug":"la-seguridad-rusa-captura-a-espia-ucraniano","status":"publish","type":"post","link":"https:\/\/archive.sana.sy\/es\/?p=184081","title":{"rendered":"La seguridad rusa captura a esp\u00eda ucraniano"},"content":{"rendered":"<p style=\"text-align: justify;\"><strong><span style=\"color: #800000;\">Mosc\u00fa, SANA<\/span><\/strong><\/p>\n<p style=\"text-align: justify;\">El Servicio Federal de Seguridad de Rusia arrest\u00f3 a un hombre que recopilaba informaci\u00f3n a favor de la inteligencia ucraniana con el objetivo de perjudicar la seguridad de Rusia.<\/p>\n<p style=\"text-align: justify;\">En un comunicado emitido por el referido Servicio, la Contrainteligencia pudo descubrir una operaci\u00f3n de espionaje llevada a cabo por un ciudadano ucraniano llamado Semenyaki Alexei Petrovich que trabajaba para su pa\u00eds.<\/p>\n<p style=\"text-align: justify;\">De acuerdo con la nota, se confiscaron dispositivos electr\u00f3nicos pertenecientes al esp\u00eda que conten\u00edan mensajes de las fuerzas de seguridad ucranianas, ya que admiti\u00f3 que hab\u00eda tenido contacto con representantes de seguridad ucranianos durante mucho tiempo.<\/p>\n<p style=\"text-align: justify;\"><span style=\"color: #0000ff;\"><strong>ws\/fm<\/strong><\/span><\/p>\n","protected":false},"excerpt":{"rendered":"<p>Mosc\u00fa, SANA El Servicio Federal de Seguridad de Rusia arrest\u00f3 a un hombre que recopilaba informaci\u00f3n a favor de la inteligencia ucraniana con el objetivo de perjudicar la seguridad de Rusia. En un comunicado emitido por el referido Servicio, la Contrainteligencia pudo descubrir una operaci\u00f3n de espionaje llevada a cabo por un ciudadano ucraniano llamado &hellip;<\/p>\n","protected":false},"author":35,"featured_media":184082,"comment_status":"closed","ping_status":"closed","sticky":false,"template":"","format":"standard","meta":{"footnotes":""},"categories":[597,456],"tags":[],"class_list":["post-184081","post","type-post","status-publish","format-standard","has-post-thumbnail","","category-cinta-de-noticias","category-arabe-internacional-politica"],"_links":{"self":[{"href":"https:\/\/archive.sana.sy\/es\/index.php?rest_route=\/wp\/v2\/posts\/184081"}],"collection":[{"href":"https:\/\/archive.sana.sy\/es\/index.php?rest_route=\/wp\/v2\/posts"}],"about":[{"href":"https:\/\/archive.sana.sy\/es\/index.php?rest_route=\/wp\/v2\/types\/post"}],"author":[{"embeddable":true,"href":"https:\/\/archive.sana.sy\/es\/index.php?rest_route=\/wp\/v2\/users\/35"}],"replies":[{"embeddable":true,"href":"https:\/\/archive.sana.sy\/es\/index.php?rest_route=%2Fwp%2Fv2%2Fcomments&post=184081"}],"version-history":[{"count":0,"href":"https:\/\/archive.sana.sy\/es\/index.php?rest_route=\/wp\/v2\/posts\/184081\/revisions"}],"wp:featuredmedia":[{"embeddable":true,"href":"https:\/\/archive.sana.sy\/es\/index.php?rest_route=\/wp\/v2\/media\/184082"}],"wp:attachment":[{"href":"https:\/\/archive.sana.sy\/es\/index.php?rest_route=%2Fwp%2Fv2%2Fmedia&parent=184081"}],"wp:term":[{"taxonomy":"category","embeddable":true,"href":"https:\/\/archive.sana.sy\/es\/index.php?rest_route=%2Fwp%2Fv2%2Fcategories&post=184081"},{"taxonomy":"post_tag","embeddable":true,"href":"https:\/\/archive.sana.sy\/es\/index.php?rest_route=%2Fwp%2Fv2%2Ftags&post=184081"}],"curies":[{"name":"wp","href":"https:\/\/api.w.org\/{rel}","templated":true}]}}